{"id":515,"date":"2014-09-05T21:12:56","date_gmt":"2014-09-05T20:12:56","guid":{"rendered":"http:\/\/democraciaactiva.eu\/?p=515"},"modified":"2014-09-05T21:12:56","modified_gmt":"2014-09-05T20:12:56","slug":"san-roque-inaccesible-ahora-tambien-en-zona-residencial","status":"publish","type":"post","link":"https:\/\/democraciaactiva.eu\/?p=515","title":{"rendered":"San Roque inaccesible, ahora tambi\u00e9n en zona residencial."},"content":{"rendered":"<p>Si hace un tiempo coment\u00e1bamos c\u00f3mo era posible tener centros comerciales totalmente inaccesibles, sin una s\u00f3la plaza reservada para movilidad reducida, y escalones donde era muy f\u00e1cil haber realizado una rampa, esta ma\u00f1ana nos hemos encontrado con <strong>un ejemplo m\u00e1s de la prioridad que supone tener un espacio accesible para todos en algunos Ayuntamientos<\/strong>.<\/p>\n<p>En esta fotograf\u00eda podemos ver el \u00abpaso a ninguna parte\u00bb que han construido en el Camino del Almendral, de San Roque (C\u00e1diz). Es de suponer que quien tuvo la genial idea de soterrar unos contenedores justo al final del paso de peatones lo har\u00eda por alg\u00fan motivo&#8230; pero la verdad, no se nos ocurre cu\u00e1l&#8230;<\/p>\n<p><a href=\"https:\/\/democraciaactiva.eu\/wp-content\/uploads\/2014\/09\/Contenedor-2.jpg\"><img decoding=\"async\" loading=\"lazy\" class=\"aligncenter size-medium wp-image-517\" src=\"https:\/\/democraciaactiva.eu\/wp-content\/uploads\/2014\/09\/Contenedor-2-225x300.jpg\" alt=\"Contenedor 2\" width=\"225\" height=\"300\" \/><\/a><\/p>\n<p>Ni siquiera sirve la excusa de que el paso es para ir a tirar la basura&#8230; m\u00e1s que nada porque pusieron la tapa por el otro lado&#8230; pero es que encima no hubiera sido complicado haber soterrado el contenedor m\u00e1s hacia la pared dejando espacio delante para circular y acceder al paso de peatones.<\/p>\n<p>Para rematar, ojo al detallito&#8230; la zona de los contenedores tiene rampa, aunque empinada, pero tiene&#8230; no sea que alguien se lesione bajando el contenedor de la basura&#8230; el otro lado tiene un lindo escal\u00f3n&#8230; Eso es tener claras las prioridades.<\/p>\n<p><a href=\"https:\/\/democraciaactiva.eu\/wp-content\/uploads\/2014\/09\/Contenedores-1.jpg\"><img decoding=\"async\" loading=\"lazy\" class=\"aligncenter size-medium wp-image-516\" src=\"https:\/\/democraciaactiva.eu\/wp-content\/uploads\/2014\/09\/Contenedores-1-300x154.jpg\" alt=\"Contenedores 1\" width=\"300\" height=\"154\" \/><\/a> <\/p>\n","protected":false},"excerpt":{"rendered":"<div class=\"mh-excerpt\"><p>Si hace un tiempo coment\u00e1bamos c\u00f3mo era posible tener centros comerciales totalmente inaccesibles, sin una s\u00f3la plaza reservada para movilidad reducida, y escalones donde era <a class=\"mh-excerpt-more\" href=\"https:\/\/democraciaactiva.eu\/?p=515\" title=\"San Roque inaccesible, ahora tambi\u00e9n en zona residencial.\">[&#8230;]<\/a><\/p>\n<\/div>","protected":false},"author":1,"featured_media":0,"comment_status":"open","ping_status":"open","sticky":false,"template":"","format":"standard","meta":[],"categories":[12],"tags":[],"_links":{"self":[{"href":"https:\/\/democraciaactiva.eu\/index.php?rest_route=\/wp\/v2\/posts\/515"}],"collection":[{"href":"https:\/\/democraciaactiva.eu\/index.php?rest_route=\/wp\/v2\/posts"}],"about":[{"href":"https:\/\/democraciaactiva.eu\/index.php?rest_route=\/wp\/v2\/types\/post"}],"author":[{"embeddable":true,"href":"https:\/\/democraciaactiva.eu\/index.php?rest_route=\/wp\/v2\/users\/1"}],"replies":[{"embeddable":true,"href":"https:\/\/democraciaactiva.eu\/index.php?rest_route=%2Fwp%2Fv2%2Fcomments&post=515"}],"version-history":[{"count":0,"href":"https:\/\/democraciaactiva.eu\/index.php?rest_route=\/wp\/v2\/posts\/515\/revisions"}],"wp:attachment":[{"href":"https:\/\/democraciaactiva.eu\/index.php?rest_route=%2Fwp%2Fv2%2Fmedia&parent=515"}],"wp:term":[{"taxonomy":"category","embeddable":true,"href":"https:\/\/democraciaactiva.eu\/index.php?rest_route=%2Fwp%2Fv2%2Fcategories&post=515"},{"taxonomy":"post_tag","embeddable":true,"href":"https:\/\/democraciaactiva.eu\/index.php?rest_route=%2Fwp%2Fv2%2Ftags&post=515"}],"curies":[{"name":"wp","href":"https:\/\/api.w.org\/{rel}","templated":true}]}}