{"id":511,"date":"2014-09-03T21:08:33","date_gmt":"2014-09-03T20:08:33","guid":{"rendered":"http:\/\/democraciaactiva.eu\/?p=511"},"modified":"2014-09-03T21:08:33","modified_gmt":"2014-09-03T20:08:33","slug":"el-ayuntamiento-de-san-roque-olvida-las-pmr-en-su-plan-de-asfaltado","status":"publish","type":"post","link":"https:\/\/democraciaactiva.eu\/?p=511","title":{"rendered":"El Ayuntamiento de San Roque olvida las PMR en su plan de asfaltado."},"content":{"rendered":"<p>Miembros de Defensa Ciudadana Activa han comprobado como en estos d\u00edas, tras asfaltar distintas calles del municipio,<strong> no se ha tenido en cuenta la reserva de plazas para personas con movilidad reducida, aunque seg\u00fan la normativa corresponde una por cada cuarenta o fracci\u00f3n<\/strong>, conforme al Decreto 293\/2009, de 7 de julio, por el que se aprueba el reglamento que regula las normas para la accesibilidad en las infraestructuras, el urbanismo, la edificaci\u00f3n y el transporte en Andaluc\u00eda.<\/p>\n<p>En concreto la calle Estrella, que actualmente tiene prohibido el estacionamiento porque se est\u00e1 procediendo a la se\u00f1alizaci\u00f3n de plazas, <strong>ha sido concluida sin ninguna reserva<\/strong>. \u201cLa excusa m\u00e1s utilizada para justificar la falta de reservas es que viene de antiguo, por lo que comprobar que en cada reforma caen en los mismos errores es decepcionante.\u201d, criticaron desde la Asociaci\u00f3n.<a href=\"https:\/\/democraciaactiva.eu\/wp-content\/uploads\/2014\/09\/Estrella-Re.jpg\"><img decoding=\"async\" loading=\"lazy\" class=\"aligncenter size-medium wp-image-512\" src=\"https:\/\/democraciaactiva.eu\/wp-content\/uploads\/2014\/09\/Estrella-Re-225x300.jpg\" alt=\"Estrella Re\" width=\"225\" height=\"300\" \/><\/a><\/p>\n<p>No obstante, desde el colectivo han valorado positivamente la disposici\u00f3n del Concejal Juan Manuel Ord\u00f3\u00f1ez que <strong>asegur\u00f3 que lo revisar\u00eda con un t\u00e9cnico para resolver el problema, as\u00ed como su intenci\u00f3n de tomar medidas para el resto del municipio<\/strong>.<\/p>\n<p>\u201cValoramos positivamente su intenci\u00f3n, como hemos hecho en otras ocasiones similares, pero recordamos que en la zona norte existe un obst\u00e1culo fundamental para cumplir la normativa: el Concejal Juan Roca\u201d, criticaron recordando que este edil <a href=\"http:\/\/www.sanropolis.com\/acusan-a-roca-de-retirar-la-barrera-de-proteccion-del-pasaje-san-antonio-en-pueblo-nuevo\/\">ya retir\u00f3 las barreras de seguridad peatonales instaladas por orden de Ord\u00f3\u00f1ez sin m\u00e1s explicaci\u00f3n que su amigo necesitaba pasar con la le\u00f1a<\/a>.\u00bb<\/p>\n<p>\u201cExiste un problema para la accesibilidad en el Valle llamado Juan Roca, que ha demostrado cuan poco le importa la normativa de accesibilidad, pero como cobrar\u00e1 sus tres mil euros mensuales igualmente <strong>esperamos que se quede en casa y al menos no estorbe al trabajo de los dem\u00e1s<\/strong>.\u201d, criticaron. <\/p>\n","protected":false},"excerpt":{"rendered":"<div class=\"mh-excerpt\"><p>Miembros de Defensa Ciudadana Activa han comprobado como en estos d\u00edas, tras asfaltar distintas calles del municipio, no se ha tenido en cuenta la reserva <a class=\"mh-excerpt-more\" href=\"https:\/\/democraciaactiva.eu\/?p=511\" title=\"El Ayuntamiento de San Roque olvida las PMR en su plan de asfaltado.\">[&#8230;]<\/a><\/p>\n<\/div>","protected":false},"author":1,"featured_media":0,"comment_status":"open","ping_status":"open","sticky":false,"template":"","format":"standard","meta":[],"categories":[12],"tags":[],"_links":{"self":[{"href":"https:\/\/democraciaactiva.eu\/index.php?rest_route=\/wp\/v2\/posts\/511"}],"collection":[{"href":"https:\/\/democraciaactiva.eu\/index.php?rest_route=\/wp\/v2\/posts"}],"about":[{"href":"https:\/\/democraciaactiva.eu\/index.php?rest_route=\/wp\/v2\/types\/post"}],"author":[{"embeddable":true,"href":"https:\/\/democraciaactiva.eu\/index.php?rest_route=\/wp\/v2\/users\/1"}],"replies":[{"embeddable":true,"href":"https:\/\/democraciaactiva.eu\/index.php?rest_route=%2Fwp%2Fv2%2Fcomments&post=511"}],"version-history":[{"count":0,"href":"https:\/\/democraciaactiva.eu\/index.php?rest_route=\/wp\/v2\/posts\/511\/revisions"}],"wp:attachment":[{"href":"https:\/\/democraciaactiva.eu\/index.php?rest_route=%2Fwp%2Fv2%2Fmedia&parent=511"}],"wp:term":[{"taxonomy":"category","embeddable":true,"href":"https:\/\/democraciaactiva.eu\/index.php?rest_route=%2Fwp%2Fv2%2Fcategories&post=511"},{"taxonomy":"post_tag","embeddable":true,"href":"https:\/\/democraciaactiva.eu\/index.php?rest_route=%2Fwp%2Fv2%2Ftags&post=511"}],"curies":[{"name":"wp","href":"https:\/\/api.w.org\/{rel}","templated":true}]}}