{"id":502,"date":"2014-09-01T21:37:13","date_gmt":"2014-09-01T20:37:13","guid":{"rendered":"http:\/\/democraciaactiva.eu\/?p=502"},"modified":"2014-09-01T21:37:13","modified_gmt":"2014-09-01T20:37:13","slug":"la-secretaria-general-de-san-roque-sera-considerada-miembro-de-la-corporacion-municipal","status":"publish","type":"post","link":"https:\/\/democraciaactiva.eu\/?p=502","title":{"rendered":"La Secretar\u00eda General de San Roque ser\u00e1 considerada miembro de la Corporaci\u00f3n Municipal."},"content":{"rendered":"<p>El recientemente aprobado Reglamento de Protocolo y Ceremonial, publicado en el BOP de 6 de agosto y actualmente en periodo de exposici\u00f3n p\u00fablica, establece en su art\u00edculo s\u00e9ptimo el orden de precedencia interno de la Corporaci\u00f3n Municipal.<\/p>\n<p>Seg\u00fan este art\u00edculo,<strong> la Secretar<strong>\u00eda General ocupar\u00eda el puesto siguiente a la Alcald\u00eda, por delante de los tenientes de Alcalde y resto de ediles<\/strong>.<a href=\"https:\/\/democraciaactiva.eu\/wp-content\/uploads\/2014\/09\/Articulo-7.jpg\"><img decoding=\"async\" loading=\"lazy\" class=\"aligncenter size-medium wp-image-503\" src=\"https:\/\/democraciaactiva.eu\/wp-content\/uploads\/2014\/09\/Articulo-7-212x300.jpg\" alt=\"Articulo 7\" width=\"212\" height=\"300\" \/><\/a><\/strong><\/p>\n<p>Esta situaci\u00f3n ha sido considerada an\u00f3mala por Defensa Ciudadana Activa, que lo considera <strong>una muestra m\u00e1s del control que determinados funcionarios pueden ejercer sobre los cargos pol\u00edticos<\/strong>.<\/p>\n<p>\u201cEl cargo de Secretario General no pinta nada en el protocolo de ceremonias, ya que sus funciones son muy concretas como fedataria p\u00fablica y para la emisi\u00f3n de informes, y en una celebraci\u00f3n, pongamos por caso del D\u00eda de Andaluc\u00eda, no tendr\u00eda funciones distintas al\u00a0p\u00fablico. <strong>Ni hace falta que informe sobre las celebraciones ni que levante acta. \u00bfA qu\u00e9 viene entonces darle en un reglamento estatus de miembro de la Corporaci\u00f3n?<\/strong>\u201d, criticaron.<\/p>\n<p>Por otro lado, seg\u00fan la Asociaci\u00f3n, \u201csi se siguiera el mismo criterio, cargos como la Intervenci\u00f3n Municipal, que asiste tambi\u00e9n al Pleno, deber\u00edan tener su lugar y ser considerados miembros de la Corporaci\u00f3n Municipal, pero s\u00f3lo se hace con la Secretar\u00eda General.\u201d<\/p>\n<p>Desde DCA se han presentado alegaciones a \u00e9ste y otros art\u00edculos del reglamento, entendiendo que \u201clos miembros de la Corporaci\u00f3n deben, entre otras cuestiones, presentar registro de intereses e incompatibilidades, as\u00ed como incorporarse a un grupo pol\u00edtico o quedar en situaci\u00f3n de no adscritos. <strong>En el caso de la Secretaria General, podr\u00edamos suponer a qu\u00e9 grupo pol\u00edtico se adscribir\u00eda, pero no hay constancia de que lo haya hecho formalmente<\/strong>.\u201d, ironizaron.<\/p>\n<p>Seg\u00fan fuentes pr\u00f3ximas al Consistorio, \u00e9ste podr\u00eda haber adquirido ya incluso la medalla de miembro de la Corporaci\u00f3n Municipal que ostentan los cargos electos para el puesto de Secretar\u00eda General. <\/p>\n","protected":false},"excerpt":{"rendered":"<div class=\"mh-excerpt\"><p>El recientemente aprobado Reglamento de Protocolo y Ceremonial, publicado en el BOP de 6 de agosto y actualmente en periodo de exposici\u00f3n p\u00fablica, establece en <a class=\"mh-excerpt-more\" href=\"https:\/\/democraciaactiva.eu\/?p=502\" title=\"La Secretar\u00eda General de San Roque ser\u00e1 considerada miembro de la Corporaci\u00f3n Municipal.\">[&#8230;]<\/a><\/p>\n<\/div>","protected":false},"author":1,"featured_media":0,"comment_status":"open","ping_status":"open","sticky":false,"template":"","format":"standard","meta":[],"categories":[12],"tags":[],"_links":{"self":[{"href":"https:\/\/democraciaactiva.eu\/index.php?rest_route=\/wp\/v2\/posts\/502"}],"collection":[{"href":"https:\/\/democraciaactiva.eu\/index.php?rest_route=\/wp\/v2\/posts"}],"about":[{"href":"https:\/\/democraciaactiva.eu\/index.php?rest_route=\/wp\/v2\/types\/post"}],"author":[{"embeddable":true,"href":"https:\/\/democraciaactiva.eu\/index.php?rest_route=\/wp\/v2\/users\/1"}],"replies":[{"embeddable":true,"href":"https:\/\/democraciaactiva.eu\/index.php?rest_route=%2Fwp%2Fv2%2Fcomments&post=502"}],"version-history":[{"count":0,"href":"https:\/\/democraciaactiva.eu\/index.php?rest_route=\/wp\/v2\/posts\/502\/revisions"}],"wp:attachment":[{"href":"https:\/\/democraciaactiva.eu\/index.php?rest_route=%2Fwp%2Fv2%2Fmedia&parent=502"}],"wp:term":[{"taxonomy":"category","embeddable":true,"href":"https:\/\/democraciaactiva.eu\/index.php?rest_route=%2Fwp%2Fv2%2Fcategories&post=502"},{"taxonomy":"post_tag","embeddable":true,"href":"https:\/\/democraciaactiva.eu\/index.php?rest_route=%2Fwp%2Fv2%2Ftags&post=502"}],"curies":[{"name":"wp","href":"https:\/\/api.w.org\/{rel}","templated":true}]}}