{"id":486,"date":"2014-08-20T19:17:47","date_gmt":"2014-08-20T18:17:47","guid":{"rendered":"http:\/\/democraciaactiva.eu\/?p=486"},"modified":"2014-08-20T19:17:47","modified_gmt":"2014-08-20T18:17:47","slug":"quejas-por-la-accesibilidad-de-bancos-y-biblioteca-en-tesorillo","status":"publish","type":"post","link":"https:\/\/democraciaactiva.eu\/?p=486","title":{"rendered":"Quejas por la accesibilidad de bancos y biblioteca en Tesorillo."},"content":{"rendered":"<p>Pasado un tiempo prudencial, superior a los 3 meses que marca la legislaci\u00f3n como tiempo de respuesta de la administraci\u00f3n, el Ayuntamiento de Jimena de la Frontera (C\u00e1diz) <strong>no ha respondido a la solicitud de informaci\u00f3n sobre las barreras que impiden el acceso<\/strong> a la entidad bancaria Cajasol en San Mart\u00edn del Tesorillo, cuyo edificio alberga tambi\u00e9n, aunque con m\u00e1s escaleras, la biblioteca municipal. <a href=\"https:\/\/democraciaactiva.eu\/wp-content\/uploads\/2014\/08\/S14176_P\u00e1gina_1.jpg\"><img decoding=\"async\" loading=\"lazy\" class=\"aligncenter size-medium wp-image-488\" src=\"https:\/\/democraciaactiva.eu\/wp-content\/uploads\/2014\/08\/S14176_P\u00e1gina_1-212x300.jpg\" alt=\"S14176_P\u00e1gina_1\" width=\"212\" height=\"300\" \/><\/a><\/p>\n<p>Esta solicitud de informaci\u00f3n se les remiti\u00f3 en marzo pasado, reiter\u00e1ndola a finales del mes de mayo, con el silencio como \u00fanica respuesta hasta la fecha.<\/p>\n<p>Por este motivo <strong>pasamos ese expediente a queja, elev\u00e1ndola a las instituciones competentes,<\/strong> como paso previo a la exigencia de responsabilidades al personal o autoridad a quienes correspondiera resolver el expediente.<\/p>\n<p>Esperando concoer la respuesta de las instituciones competentes sobre la negativa a informar de este Ayuntamiento y, sobre todo, <strong>a qu\u00e9 conclusiones llegan cuando en pleno siglo XXI se permiten establecimientos, te\u00f3ricamente p\u00fablicos, a los que s\u00f3lo pueden acceder algunos.<\/strong><\/p>\n<p><a href=\"https:\/\/democraciaactiva.eu\/wp-content\/uploads\/2014\/08\/Barreras-1_resize.jpg\"><img decoding=\"async\" loading=\"lazy\" class=\"aligncenter size-medium wp-image-487\" src=\"https:\/\/democraciaactiva.eu\/wp-content\/uploads\/2014\/08\/Barreras-1_resize-300x225.jpg\" alt=\"Barreras 1_resize\" width=\"300\" height=\"225\" \/><\/a><\/p>\n<p>&nbsp; <\/p>\n","protected":false},"excerpt":{"rendered":"<div class=\"mh-excerpt\"><p>Pasado un tiempo prudencial, superior a los 3 meses que marca la legislaci\u00f3n como tiempo de respuesta de la administraci\u00f3n, el Ayuntamiento de Jimena de <a class=\"mh-excerpt-more\" href=\"https:\/\/democraciaactiva.eu\/?p=486\" title=\"Quejas por la accesibilidad de bancos y biblioteca en Tesorillo.\">[&#8230;]<\/a><\/p>\n<\/div>","protected":false},"author":1,"featured_media":0,"comment_status":"open","ping_status":"open","sticky":false,"template":"","format":"standard","meta":[],"categories":[3,5,8],"tags":[],"_links":{"self":[{"href":"https:\/\/democraciaactiva.eu\/index.php?rest_route=\/wp\/v2\/posts\/486"}],"collection":[{"href":"https:\/\/democraciaactiva.eu\/index.php?rest_route=\/wp\/v2\/posts"}],"about":[{"href":"https:\/\/democraciaactiva.eu\/index.php?rest_route=\/wp\/v2\/types\/post"}],"author":[{"embeddable":true,"href":"https:\/\/democraciaactiva.eu\/index.php?rest_route=\/wp\/v2\/users\/1"}],"replies":[{"embeddable":true,"href":"https:\/\/democraciaactiva.eu\/index.php?rest_route=%2Fwp%2Fv2%2Fcomments&post=486"}],"version-history":[{"count":0,"href":"https:\/\/democraciaactiva.eu\/index.php?rest_route=\/wp\/v2\/posts\/486\/revisions"}],"wp:attachment":[{"href":"https:\/\/democraciaactiva.eu\/index.php?rest_route=%2Fwp%2Fv2%2Fmedia&parent=486"}],"wp:term":[{"taxonomy":"category","embeddable":true,"href":"https:\/\/democraciaactiva.eu\/index.php?rest_route=%2Fwp%2Fv2%2Fcategories&post=486"},{"taxonomy":"post_tag","embeddable":true,"href":"https:\/\/democraciaactiva.eu\/index.php?rest_route=%2Fwp%2Fv2%2Ftags&post=486"}],"curies":[{"name":"wp","href":"https:\/\/api.w.org\/{rel}","templated":true}]}}