{"id":465,"date":"2014-08-19T07:36:16","date_gmt":"2014-08-19T06:36:16","guid":{"rendered":"http:\/\/democraciaactiva.eu\/?p=465"},"modified":"2014-08-19T07:36:16","modified_gmt":"2014-08-19T06:36:16","slug":"normativa-de-accesibilidad-en-san-roque-cadiz-la-interpretan-a-su-manera","status":"publish","type":"post","link":"https:\/\/democraciaactiva.eu\/?p=465","title":{"rendered":"\u00bfNormativa de accesibilidad?. En San Roque (C\u00e1diz) la interpretan \u00aba su manera\u00bb."},"content":{"rendered":"<p>Estos d\u00edas hemos estado repasando el mapa de accesibilidad de San Roque, de momento orientado a las plazas para PMR, encontr\u00e1ndonos con situaciones&#8230; algo extra\u00f1as<\/p>\n<p>Por ejemplo, <strong>\u00bfalguien puede encontrar d\u00f3nde se aparca seg\u00fan esta se\u00f1al?<\/strong>&#8230; o ser\u00e1 alg\u00fan tipo de adorno nuevo&#8230;<\/p>\n<p><a href=\"https:\/\/democraciaactiva.eu\/wp-content\/uploads\/2014\/08\/2014-08-16-13.47.03_resize.jpg\"><img decoding=\"async\" loading=\"lazy\" class=\"aligncenter size-medium wp-image-469\" src=\"https:\/\/democraciaactiva.eu\/wp-content\/uploads\/2014\/08\/2014-08-16-13.47.03_resize-225x300.jpg\" alt=\"2014-08-16 13.47.03_resize\" width=\"225\" height=\"300\" \/><\/a><\/p>\n<p>Y seguimos dando un paseo para encontrarnos barras como \u00e9stas pintadas sobre la calzada&#8230; \u00bfacaso es buena zona para bajar y que te atropellen?, <strong>\u00bfquerr\u00e1 decir que no aparquen en doble fila?&#8230;<\/strong> Como tengan que esquivarlas los conductores para pasar van listos&#8230; Por favor, que alguien explique a quien corresponda que esas barras son para estacionamientos en bater\u00eda&#8230;<\/p>\n<p><a href=\"https:\/\/democraciaactiva.eu\/wp-content\/uploads\/2014\/08\/2014-08-16-14.05.26_resize.jpg\"><img decoding=\"async\" loading=\"lazy\" class=\"aligncenter size-medium wp-image-467\" src=\"https:\/\/democraciaactiva.eu\/wp-content\/uploads\/2014\/08\/2014-08-16-14.05.26_resize-225x300.jpg\" alt=\"2014-08-16 14.05.26_resize\" width=\"225\" height=\"300\" \/><\/a><\/p>\n<p>Pero claro&#8230; como ya gastaron la pintura en los estacionamientos en l\u00ednea, ahora no queda para los de bater\u00eda, y pasa lo que pasa&#8230; que todos somos iguales, hasta en las plazas de aparcamiento&#8230; <strong>3,60 se\u00f1ores, 3,60 metros deben medir de ancho esas plazas. \u00bfDe qu\u00e9 sirve gastar tanto azul en pintarlas si no cumplen las medidas?<\/strong>, \u00bfquieren indicar estacionamientos para pitufos o qu\u00e9?<\/p>\n<p><a href=\"https:\/\/democraciaactiva.eu\/wp-content\/uploads\/2014\/08\/2014-08-16-14.14.40_resize.jpg\"><img decoding=\"async\" loading=\"lazy\" class=\"aligncenter size-medium wp-image-470\" src=\"https:\/\/democraciaactiva.eu\/wp-content\/uploads\/2014\/08\/2014-08-16-14.14.40_resize-225x300.jpg\" alt=\"2014-08-16 14.14.40_resize\" width=\"225\" height=\"300\" \/><\/a><\/p>\n<p>Bueno, en realidad gracias a Google Maps podemos comprobar que antes s\u00ed ten\u00edan las medidas reglamentarias, pero s\u00f3lo habr\u00eda dos plazas&#8230; as\u00ed que alguien, muy ahorrador, pens\u00f3&#8230; donde caben 2, caben 3&#8230; Puede apreciarse bajo el Citroen gris lo que quedaba del s\u00edmbolo que reconoc\u00eda las plazas como reservadas&#8230; no se sabe bien para qui\u00e9n.<\/p>\n<p><a href=\"https:\/\/democraciaactiva.eu\/wp-content\/uploads\/2014\/08\/Dibujo.jpg\"><img decoding=\"async\" loading=\"lazy\" class=\"aligncenter size-medium wp-image-476\" src=\"https:\/\/democraciaactiva.eu\/wp-content\/uploads\/2014\/08\/Dibujo-300x203.jpg\" alt=\"Dibujo\" width=\"300\" height=\"203\" \/><\/a><\/p>\n<p>Y por \u00faltimo -de momento- la mejor&#8230; esta es para premio. Un estacionamiento en l\u00ednea que no respeta las dimensiones (6,5 metros, no 4 ni 5 ni 6, 6,5 metros de largo tienen que dejar para estacionamientos en l\u00ednea, a ver si se acuerda el responsable para otra vez), como tienen cierta confusi\u00f3n pintan las l\u00edneas blancas en la calzada como si sirviera de algo ah\u00ed adem\u00e1s de confundir, y claro, si consigues bajarte del coche tienes varias opciones&#8230;<\/p>\n<p><a href=\"https:\/\/democraciaactiva.eu\/wp-content\/uploads\/2014\/08\/2014-08-16-13.59.03_resize.jpg\"><img decoding=\"async\" loading=\"lazy\" class=\"aligncenter size-medium wp-image-468\" src=\"https:\/\/democraciaactiva.eu\/wp-content\/uploads\/2014\/08\/2014-08-16-13.59.03_resize-225x300.jpg\" alt=\"2014-08-16 13.59.03_resize\" width=\"225\" height=\"300\" \/><\/a><\/p>\n<p>Primero bajar antes de aparcar (para quienes lleven la silla detr\u00e1s, porque no han respetado las medidas), luego tratar de subir a la acera, y si vas al edificio de al lado tienes doble escal\u00f3n, pero como \u00abayuda t\u00e9cnica\u00bb puedes agarrarte a los \u00e1rboles que te encontrar\u00e1s justo enmedio si consigues colarte entre los coches&#8230; <strong>\u00bfpara qu\u00e9 ir a supervivientes si tenemos terreno salvaje de sobra aqu\u00ed mismo?<\/strong><\/p>\n<p>L\u00e1stima que el d\u00eda que hicieron todas estas plazas no hubo tour fotogr\u00e1fico con Concejal incluido, igual podr\u00eda haber explicado qui\u00e9n les inspir\u00f3 a hacer las cosas as\u00ed&#8230; ah, no, que en las fotos no se habla&#8230; <\/p>\n","protected":false},"excerpt":{"rendered":"<div class=\"mh-excerpt\"><p>Estos d\u00edas hemos estado repasando el mapa de accesibilidad de San Roque, de momento orientado a las plazas para PMR, encontr\u00e1ndonos con situaciones&#8230; algo extra\u00f1as <a class=\"mh-excerpt-more\" href=\"https:\/\/democraciaactiva.eu\/?p=465\" title=\"\u00bfNormativa de accesibilidad?. En San Roque (C\u00e1diz) la interpretan \u00aba su manera\u00bb.\">[&#8230;]<\/a><\/p>\n<\/div>","protected":false},"author":1,"featured_media":0,"comment_status":"open","ping_status":"open","sticky":false,"template":"","format":"standard","meta":[],"categories":[3,5,12],"tags":[],"_links":{"self":[{"href":"https:\/\/democraciaactiva.eu\/index.php?rest_route=\/wp\/v2\/posts\/465"}],"collection":[{"href":"https:\/\/democraciaactiva.eu\/index.php?rest_route=\/wp\/v2\/posts"}],"about":[{"href":"https:\/\/democraciaactiva.eu\/index.php?rest_route=\/wp\/v2\/types\/post"}],"author":[{"embeddable":true,"href":"https:\/\/democraciaactiva.eu\/index.php?rest_route=\/wp\/v2\/users\/1"}],"replies":[{"embeddable":true,"href":"https:\/\/democraciaactiva.eu\/index.php?rest_route=%2Fwp%2Fv2%2Fcomments&post=465"}],"version-history":[{"count":0,"href":"https:\/\/democraciaactiva.eu\/index.php?rest_route=\/wp\/v2\/posts\/465\/revisions"}],"wp:attachment":[{"href":"https:\/\/democraciaactiva.eu\/index.php?rest_route=%2Fwp%2Fv2%2Fmedia&parent=465"}],"wp:term":[{"taxonomy":"category","embeddable":true,"href":"https:\/\/democraciaactiva.eu\/index.php?rest_route=%2Fwp%2Fv2%2Fcategories&post=465"},{"taxonomy":"post_tag","embeddable":true,"href":"https:\/\/democraciaactiva.eu\/index.php?rest_route=%2Fwp%2Fv2%2Ftags&post=465"}],"curies":[{"name":"wp","href":"https:\/\/api.w.org\/{rel}","templated":true}]}}