{"id":446,"date":"2014-08-18T09:20:58","date_gmt":"2014-08-18T08:20:58","guid":{"rendered":"http:\/\/democraciaactiva.eu\/?p=446"},"modified":"2014-08-18T09:20:58","modified_gmt":"2014-08-18T08:20:58","slug":"comunicarnos-con-la-administracion-paso-3-identificar-los-responsables-del-expediente","status":"publish","type":"post","link":"https:\/\/democraciaactiva.eu\/?p=446","title":{"rendered":"Comunicarnos con la administraci\u00f3n. Paso 3: Identificando los responsables del expediente."},"content":{"rendered":"<p>Una vez realizamos nuestra petici\u00f3n, esperamos un mes y recordamos al ente p\u00fablico su obligaci\u00f3n de notificarnos los plazos y efectos del silencio administrativo, supongamos que hemos esperado otro mes y a\u00fan no sabemos nada. Ahora tocar\u00eda dar un aviso m\u00e1s a la administraci\u00f3n, solicitando la identificaci\u00f3n de los responsables del expediente del que hace meses que no sabemos nada.<\/p>\n<p>Esa falta de respuesta, que habitualmente se entiende por la \u00abfalta de medios\u00bb de las administraciones para atender la demanda ciudadana, <strong>no debe ser obst\u00e1culo para exigir el cumplimiento de la normativa<\/strong>, del mismo modo que la administraci\u00f3n se la exige a los ciudadanos.<\/p>\n<p>Resulta curioso que existan cientos de asesores, personal de confianza, encargados varios de delegaciones innombrables, pero cuando llega la hora de atender al ciudadano&#8230; no hay suficiente personal. Cada administraci\u00f3n deber\u00eda distribuir sus medios en funci\u00f3n de las necesidades ciudadanas, pero parece que lo hacen en funci\u00f3n de las necesidades de su personal&#8230; y eso explicar\u00eda que siempre haya docenas detr\u00e1s de las puertas -o en sus casas directamente- mientras atendiendo al p\u00fablico s\u00f3lo queda un n\u00famero testimonial. Como hemos dicho anteriormente, si no saben distribuir sus medios es su problema, nosotros no tenemos capacidad para reorganizarles (ni nos dejar\u00edan), s\u00f3lo para exigir el cumplimiento de la normativa.<\/p>\n<p>De este modo, tras nuestro recordatorio anterior, el paso actual consiste en, <strong>adem\u00e1s de recordarles que seguimos esperando respuesta, solicitar la identificaci\u00f3n de los responsables del expediente, conforme al art. 35.b de la Ley 30\/92. <\/strong>De este modo se podr\u00eda <strong>conocer exactamente qui\u00e9n no est\u00e1 cumpliendo sus labores a efectos de exigir la responsabilidad que corresponda en el futuro<\/strong>. En caso de no recibir respuesta igualmente a este paso, las siguientes acciones se dirigir\u00edan al responsable m\u00e1ximo de la administraci\u00f3n, como en el caso por ejemplo de los Ayuntamientos, ser\u00eda el Alcalde.<\/p>\n<p>Es de sobras conocida la sensaci\u00f3n de que quienes nos gobiernan \u00abtiran con p\u00f3lvora ajena\u00bb porque<strong> cuesten lo que cuesten los procedimientos, incluso si se llega a la v\u00eda judicial, y aunque causen grandes perjuicios a los interesados en un procedimiento, al final se paga todo de las arcas p\u00fablicas<\/strong>, con lo que se perjudica doblemente a los ciudadanos. Esta sensaci\u00f3n se ha extendido porque los responsables siempre se han negado a exigir la responsabilidad que recoge la normativa contra quienes llevan los expedientes por esos derroteros. Es decir, que una vez toma uno un sill\u00f3n, ya sea de representante p\u00fablico o de funcionario, parece no importar lo que haga (o mejor dicho, lo que no haga), puede pasar toda su jornada laboral haciendo sudokus que siempre que goce de la simpat\u00eda de su superior no tiene nada que temer. En cambio, cuando un responsable la toma con un inferior&#8230; faltan art\u00edculos que aplicarle, y lo mismo le rebajan el sueldo por llegar con una arruga en el uniforme&#8230;<\/p>\n<p><strong>Esa utilizaci\u00f3n totalmente interesada de la normativa debe acabar, y por nuestra parte se exigir\u00e1 la responsabilidad que corresponda a las autoridades y\/o personal que toque en cada caso<\/strong>. En el caso, muy habitual por cierto, de que los m\u00e1ximos responsables no identifiquen a quienes llevan cada expediente, deber\u00e1n ser ellos quienes respondan por los perjuicios causados. Ya est\u00e1 bien de pagar salarios p\u00fablicos por estar de vacaciones permanentes.<\/p>\n<p>Un formato que podr\u00edamos emplear como segundo recordatorio de que hicimos una petici\u00f3n, en este caso a los dos meses de la primera, solicitando la identificaci\u00f3n de los responsables de la misma ser\u00eda \u00e9ste:<a href=\"https:\/\/democraciaactiva.eu\/wp-content\/uploads\/2014\/08\/C03-Formato-identificaci\u00f3n-responsables-procedimiento.jpg\"><img decoding=\"async\" loading=\"lazy\" class=\"aligncenter size-medium wp-image-455\" src=\"https:\/\/democraciaactiva.eu\/wp-content\/uploads\/2014\/08\/C03-Formato-identificaci\u00f3n-responsables-procedimiento-212x300.jpg\" alt=\"C03 Formato identificaci\u00f3n responsables procedimiento\" width=\"212\" height=\"300\" \/><\/a>Dado que habr\u00edan pasado ya dos meses desde nuestra petici\u00f3n, <strong>\u00e9sta se considerar\u00eda admitida, conforme al art. 9 de la Ley Org\u00e1nica 4\/2001 Reguladora del Derecho de Petici\u00f3n<\/strong>, cualquier resoluci\u00f3n de inadmisi\u00f3n, debidamente motivada, <strong>deber\u00eda habernos sido comunicada a los 45 d\u00edas h\u00e1biles<\/strong>. Es conveniente recordar este detallito por si la administraci\u00f3n, una vez comience a recibir nuestros recordatorios, decide contestar por esa v\u00eda.<\/p>\n<p>&nbsp; <\/p>\n","protected":false},"excerpt":{"rendered":"<div class=\"mh-excerpt\"><p>Una vez realizamos nuestra petici\u00f3n, esperamos un mes y recordamos al ente p\u00fablico su obligaci\u00f3n de notificarnos los plazos y efectos del silencio administrativo, supongamos <a class=\"mh-excerpt-more\" href=\"https:\/\/democraciaactiva.eu\/?p=446\" title=\"Comunicarnos con la administraci\u00f3n. Paso 3: Identificando los responsables del expediente.\">[&#8230;]<\/a><\/p>\n<\/div>","protected":false},"author":1,"featured_media":0,"comment_status":"open","ping_status":"open","sticky":false,"template":"","format":"standard","meta":[],"categories":[5,8,11,16],"tags":[],"_links":{"self":[{"href":"https:\/\/democraciaactiva.eu\/index.php?rest_route=\/wp\/v2\/posts\/446"}],"collection":[{"href":"https:\/\/democraciaactiva.eu\/index.php?rest_route=\/wp\/v2\/posts"}],"about":[{"href":"https:\/\/democraciaactiva.eu\/index.php?rest_route=\/wp\/v2\/types\/post"}],"author":[{"embeddable":true,"href":"https:\/\/democraciaactiva.eu\/index.php?rest_route=\/wp\/v2\/users\/1"}],"replies":[{"embeddable":true,"href":"https:\/\/democraciaactiva.eu\/index.php?rest_route=%2Fwp%2Fv2%2Fcomments&post=446"}],"version-history":[{"count":0,"href":"https:\/\/democraciaactiva.eu\/index.php?rest_route=\/wp\/v2\/posts\/446\/revisions"}],"wp:attachment":[{"href":"https:\/\/democraciaactiva.eu\/index.php?rest_route=%2Fwp%2Fv2%2Fmedia&parent=446"}],"wp:term":[{"taxonomy":"category","embeddable":true,"href":"https:\/\/democraciaactiva.eu\/index.php?rest_route=%2Fwp%2Fv2%2Fcategories&post=446"},{"taxonomy":"post_tag","embeddable":true,"href":"https:\/\/democraciaactiva.eu\/index.php?rest_route=%2Fwp%2Fv2%2Ftags&post=446"}],"curies":[{"name":"wp","href":"https:\/\/api.w.org\/{rel}","templated":true}]}}