{"id":44,"date":"2013-12-20T11:14:12","date_gmt":"2013-12-20T10:14:12","guid":{"rendered":"http:\/\/democraciaactiva.eu\/?p=44"},"modified":"2013-12-20T11:14:12","modified_gmt":"2013-12-20T10:14:12","slug":"sentencia-contra-la-prohibicion-de-grabar-los-plenos","status":"publish","type":"post","link":"https:\/\/democraciaactiva.eu\/?p=44","title":{"rendered":"Sentencia contra la prohibici\u00f3n de grabar los Plenos"},"content":{"rendered":"<p>Resaltamos el Fundamento de Derecho tercero de la sentencia que pone en su lugar a quienes, como en el Ayuntamiento de San Roque y Prado del Rey (C\u00e1diz) o Espartinas (Sevilla) coaccionan a los ciudadanos para impedirles ejercer sus Derechos Constitucionales.<\/p>\n<p><strong><em>\u00abTERCERO.- Sentado que las sesiones plenarias de los Ayuntamientos son p\u00fablicas y -salvo en casos puntuales en los que en casos excepcionales, pudieran declararse formal y motivadamente reservadas- no hay restricci\u00f3n alguna al derecho de la ciudadan\u00eda a su directo e inmediato.<\/em><\/strong><\/p>\n<p><strong><em>Hay que tener en cuenta por tanto que el acuerdo se toma por el Alcalde, como \u00fanico legitimado para permitir la difusi\u00f3n de los asuntos p\u00fablicos y por tanto esa discrecionalidad que se atribuye supone el medio con que el poder sucumbir sin explicaci\u00f3n alguna a su propia veleidad. As\u00ed las cosas, la Sala debe concluir que la decisi\u00f3n del Alcalde, prohibiendo la grabaci\u00f3n del pleno, es nula de pleno derecho por violar el derecho fundamental reconocido en el art\u00ba 20 apartados 1.d), 1.a) y 2 de la Constituci\u00f3n. El acuerdo plasmado en el art\u00edculo 107 carece de toda razonabilidad, y est\u00e1 absolutamente injustificado, no obedeciendo a otra intenci\u00f3n que la de apropiarse con ventaja de la informaci\u00f3n y operar subjetiva e interesadamente en la difusi\u00f3n de la misma perjudicando as\u00ed la libre formaci\u00f3n de la opini\u00f3n de los ciudadanos.\u00bb<\/em><\/strong><\/p>\n<p><a href=\"https:\/\/democraciaactiva.eu\/wp-content\/uploads\/2013\/12\/Sentencia-Grabaci\u00f3n-Plenos.pdf\">Texto completo de esta Sentencia sobre Grabaci\u00f3n Plenos<\/a><a href=\"https:\/\/democraciaactiva.eu\/wp-content\/uploads\/2013\/12\/Consti.jpg\"><img decoding=\"async\" loading=\"lazy\" class=\"alignleft size-medium wp-image-46\" alt=\"Consti\" src=\"https:\/\/democraciaactiva.eu\/wp-content\/uploads\/2013\/12\/Consti-291x300.jpg\" width=\"291\" height=\"300\" \/><\/a><\/p>\n<p>&nbsp;<\/p>\n<p>&nbsp;<\/p>\n<p>&nbsp; <\/p>\n","protected":false},"excerpt":{"rendered":"<div class=\"mh-excerpt\"><p>Resaltamos el Fundamento de Derecho tercero de la sentencia que pone en su lugar a quienes, como en el Ayuntamiento de San Roque y Prado <a class=\"mh-excerpt-more\" href=\"https:\/\/democraciaactiva.eu\/?p=44\" title=\"Sentencia contra la prohibici\u00f3n de grabar los Plenos\">[&#8230;]<\/a><\/p>\n<\/div>","protected":false},"author":1,"featured_media":0,"comment_status":"open","ping_status":"open","sticky":false,"template":"","format":"standard","meta":[],"categories":[12],"tags":[],"_links":{"self":[{"href":"https:\/\/democraciaactiva.eu\/index.php?rest_route=\/wp\/v2\/posts\/44"}],"collection":[{"href":"https:\/\/democraciaactiva.eu\/index.php?rest_route=\/wp\/v2\/posts"}],"about":[{"href":"https:\/\/democraciaactiva.eu\/index.php?rest_route=\/wp\/v2\/types\/post"}],"author":[{"embeddable":true,"href":"https:\/\/democraciaactiva.eu\/index.php?rest_route=\/wp\/v2\/users\/1"}],"replies":[{"embeddable":true,"href":"https:\/\/democraciaactiva.eu\/index.php?rest_route=%2Fwp%2Fv2%2Fcomments&post=44"}],"version-history":[{"count":0,"href":"https:\/\/democraciaactiva.eu\/index.php?rest_route=\/wp\/v2\/posts\/44\/revisions"}],"wp:attachment":[{"href":"https:\/\/democraciaactiva.eu\/index.php?rest_route=%2Fwp%2Fv2%2Fmedia&parent=44"}],"wp:term":[{"taxonomy":"category","embeddable":true,"href":"https:\/\/democraciaactiva.eu\/index.php?rest_route=%2Fwp%2Fv2%2Fcategories&post=44"},{"taxonomy":"post_tag","embeddable":true,"href":"https:\/\/democraciaactiva.eu\/index.php?rest_route=%2Fwp%2Fv2%2Ftags&post=44"}],"curies":[{"name":"wp","href":"https:\/\/api.w.org\/{rel}","templated":true}]}}