{"id":418,"date":"2014-08-17T20:28:45","date_gmt":"2014-08-17T19:28:45","guid":{"rendered":"http:\/\/democraciaactiva.eu\/?p=418"},"modified":"2014-08-17T20:28:45","modified_gmt":"2014-08-17T19:28:45","slug":"comunicarnos-con-la-administracion-caso-practico-como-convertir-un-ayuntamiento-en-ventanilla-unica-version-andalucia","status":"publish","type":"post","link":"https:\/\/democraciaactiva.eu\/?p=418","title":{"rendered":"Comunicarnos con la administraci\u00f3n. Caso pr\u00e1ctico: C\u00f3mo convertir un Ayuntamiento en ventanilla \u00fanica (versi\u00f3n Andaluc\u00eda)"},"content":{"rendered":"<p>Un problema que puede presentarse a cualquier ciudadano en sus comunicaciones con la administraci\u00f3n puede ser la \u00abperegrinaci\u00f3n\u00bb de ventanilla en ventanilla o simplemente la cantidad de kil\u00f3metros y tiempo incluso de trabajo que hay que perder para presentar un simple escrito.<\/p>\n<p>Ante esta problem\u00e1tica, que no deber\u00eda existir si se cumpliera la disposici\u00f3n final\u00a0 tercera de la Ley 11\/2007, de 22 de junio, de acceso electr\u00f3nico de los ciudadanos a los servicios p\u00fablicos. Esta disposici\u00f3n final forma parte del recursos sistem\u00e1tico que los ciudadanos afectados pueden presentar a los Presupuestos de sus respectivas administraciones (locales sobre todo), y ser\u00e1 objeto de tratamiento en otro caso pr\u00e1ctico.<\/p>\n<p>Pero volviendo al tema de este caso. Yo, ciudadano de a pie, quiero presentar un escrito a la Consejer\u00eda de Educaci\u00f3n de la Junta de Andaluc\u00eda, pero vivo en un pueblecito de tres mil habitantes y para ir a una delegaci\u00f3n tengo que tomar un taxi porque ni tengo coche, ni hay transporte p\u00fablico, ni se les espera (caso t\u00edpico de peque\u00f1as poblaciones rurales).<\/p>\n<p>En estos casos la soluci\u00f3n es clara: <strong>entregue cualquier escrito dirigido a la Junta de Andaluc\u00eda en el registro de su Ayuntamiento y ellos deben hacerla llegar a su destinatario.<\/strong><\/p>\n<p>Por supuesto, puede darse el caso de que los Ayuntamientos no acepten de entrada nuestra petici\u00f3n, bien sea por ignorancia o mala fe, aunque siempre apuesto m\u00e1s por lo primero. En estas ocasiones habr\u00e1 que darles unas clases gratuitas de derechos ciudadanos.<\/p>\n<p>El siguiente caso puede resultar bastante ilustrativo, ya que al recibir un Ayuntamiento escritos dirigidos a la Consejer\u00eda de Medio Ambiente de la Junta de Andaluc\u00eda<strong> respondi\u00f3, muy amablemente por cierto, devolvi\u00e9ndonoslos junto con 3 p\u00e1ginas de informe jur\u00eddico y una recomendaci\u00f3n de d\u00f3nde pod\u00edamos ir a llevar esos escritos.<\/strong><\/p>\n<p><a href=\"https:\/\/democraciaactiva.eu\/wp-content\/uploads\/2014\/08\/E13005_P\u00e1gina_1.jpg\"><img decoding=\"async\" loading=\"lazy\" class=\"aligncenter size-medium wp-image-434\" src=\"https:\/\/democraciaactiva.eu\/wp-content\/uploads\/2014\/08\/E13005_P\u00e1gina_1-212x300.jpg\" alt=\"E13005_P\u00e1gina_1\" width=\"212\" height=\"300\" \/><\/a><a href=\"https:\/\/democraciaactiva.eu\/wp-content\/uploads\/2014\/08\/E13005_P\u00e1gina_2.jpg\"><img decoding=\"async\" loading=\"lazy\" class=\"aligncenter size-medium wp-image-435\" src=\"https:\/\/democraciaactiva.eu\/wp-content\/uploads\/2014\/08\/E13005_P\u00e1gina_2-212x300.jpg\" alt=\"E13005_P\u00e1gina_2\" width=\"212\" height=\"300\" \/><\/a><a href=\"https:\/\/democraciaactiva.eu\/wp-content\/uploads\/2014\/08\/E13005_P\u00e1gina_3.jpg\"><img decoding=\"async\" loading=\"lazy\" class=\"aligncenter size-medium wp-image-436\" src=\"https:\/\/democraciaactiva.eu\/wp-content\/uploads\/2014\/08\/E13005_P\u00e1gina_3-212x300.jpg\" alt=\"E13005_P\u00e1gina_3\" width=\"212\" height=\"300\" \/><\/a>Como ciudadanos conscientes de la normativa vigente, <strong>contestamos volviendo a entregar los mismos escritos y recordando los art\u00edculos y legislaci\u00f3n que, al parecer, hab\u00eda olvidado este Ayuntamiento en su informe.<\/strong><\/p>\n<p><a href=\"https:\/\/democraciaactiva.eu\/wp-content\/uploads\/2014\/08\/S13030.jpg\"><img decoding=\"async\" loading=\"lazy\" class=\"aligncenter size-medium wp-image-438\" src=\"https:\/\/democraciaactiva.eu\/wp-content\/uploads\/2014\/08\/S13030-212x300.jpg\" alt=\"S13030\" width=\"212\" height=\"300\" \/><\/a>La siguiente respuesta fue, como no pod\u00eda ser de otra forma, mucho m\u00e1s escueta, <strong>repiti\u00e9ndonos la normativa que les recordamos, y confirm\u00e1ndonos que esta vez s\u00ed hab\u00edan tramitado nuestros escritos<\/strong> hacia la Junta de Andaluc\u00eda.<a href=\"https:\/\/democraciaactiva.eu\/wp-content\/uploads\/2014\/08\/E14100_P\u00e1gina_1.jpg\"><img decoding=\"async\" loading=\"lazy\" class=\"aligncenter size-medium wp-image-437\" src=\"https:\/\/democraciaactiva.eu\/wp-content\/uploads\/2014\/08\/E14100_P\u00e1gina_1-212x300.jpg\" alt=\"E14100_P\u00e1gina_1\" width=\"212\" height=\"300\" \/><\/a>Si hubieramos aceptado el \u00abinforme jur\u00eddico\u00bb del Ayuntamiento sin m\u00e1s, habr\u00edamos renunciado a un derecho que nos facilita bastante la comunicaci\u00f3n con la administraci\u00f3n p\u00fablica, y lo que es m\u00e1s importante, seguir\u00edan sin poder hacer uso del mismo los restantes ciudadanos.<\/p>\n<p>Actualmente en este Ayuntamiento no preguntan si pueden o no aceptar en su registro un escrito para la Junta de Andaluc\u00eda, lo derivan al departamento correspondiente y se tramita. Por eso <strong>insistimos en que los ciudadanos necesitan conocer y sobre todo reivindicar sus derechos<\/strong>, o seguir\u00e1n siendo olvidados cada d\u00eda.<\/p>\n<p>Pero \u00e9sta es s\u00f3lo la primera parte de nuestro caso pr\u00e1ctico, ya que con ello s\u00f3lo conseguimos utilizar el registro de nuestro Ayuntamiento para escritos a la Junta de Andaluc\u00eda, pero&#8230;<strong> \u00bfqu\u00e9 ocurre si queremos enviar uno a otro Ayuntamiento, o a otra administraci\u00f3n p\u00fablica cualquiera?<\/strong><\/p>\n<p>Pues en este caso tiramos del art. 38.4.b de la Ley 30\/92 que<strong> nos permite entregar cualquier escrito dirigido a cualquier administraci\u00f3n p\u00fablica en los registros de cualquier \u00f3rgano administrativo que pertenezca a las Comunidades Aut\u00f3nomas.<\/strong><\/p>\n<p>Los Ayuntamientos podr\u00edan ponernos las cosas f\u00e1ciles e incorporar sus servicios de \u00abventanilla \u00fanica\u00bb, adem\u00e1s de los registros telem\u00e1ticos obligatorios por la Ley 11\/2007, pero como parece que siempre quieren enredarnos en papeles&#8230; aqu\u00ed van un par de formatos que usamos para hacerles felices.<\/p>\n<p>En total adjuntamos 2 p\u00e1ginas m\u00e1s el escrito que realmente queremos que llegue a nuestro destinatario.<\/p>\n<p>El primero <strong>se dirige a Registro\u00a0 General del Ayuntamiento<\/strong>, record\u00e1ndoles su obligaci\u00f3n de tramitar cualquiera dirigido a la Junta de Andaluc\u00eda.<a href=\"https:\/\/democraciaactiva.eu\/wp-content\/uploads\/2014\/08\/C04-Formato-Remisi\u00f3n-Ventanilla-\u00danica-1.jpg\"><img decoding=\"async\" loading=\"lazy\" class=\"aligncenter size-medium wp-image-441\" src=\"https:\/\/democraciaactiva.eu\/wp-content\/uploads\/2014\/08\/C04-Formato-Remisi\u00f3n-Ventanilla-\u00danica-1-212x300.jpg\" alt=\"C04 Formato Remisi\u00f3n Ventanilla \u00danica 1\" width=\"212\" height=\"300\" \/><\/a>La segunda p\u00e1gina<strong> se dirige al Registro General de la Consejer\u00eda de Hacienda y Administraci\u00f3n P\u00fablica de la Junta de Andaluc\u00eda.<a href=\"https:\/\/democraciaactiva.eu\/wp-content\/uploads\/2014\/08\/C05-Formato-Remisi\u00f3n-Ventanilla-\u00danica-2.jpg\"><img decoding=\"async\" loading=\"lazy\" class=\"aligncenter size-medium wp-image-440\" src=\"https:\/\/democraciaactiva.eu\/wp-content\/uploads\/2014\/08\/C05-Formato-Remisi\u00f3n-Ventanilla-\u00danica-2-212x300.jpg\" alt=\"C05 Formato Remisi\u00f3n Ventanilla \u00danica 2\" width=\"212\" height=\"300\" \/><\/a><\/strong>Y por \u00faltimo <strong>a\u00f1adir\u00edamos el escrito real que quisieramos tramitar.<\/strong> Por ejemplo un recurso a una multa de estacionamiento que nos hubieran puesto en un municipio a 300 kms.<\/p>\n<p>Resulta m\u00e1s que evidente que es un procedimiento mucho m\u00e1s engorroso que las \u00abventanillas \u00fanicas\u00bb que se disponen en algunos Ayuntamientos, pero ante el cierre de \u00e9stas por parte de los Ayuntamientos ten\u00edamos dos opciones: la primera era renunciar a nuestro derecho a utilizar la administraci\u00f3n local, y la segunda resolver el puzle administrativo a nuestro favor, <strong>encajando las piezas para convertir el Registro del Ayuntamiento en una ventanilla \u00fanica.<\/strong><\/p>\n<p>Como desistir no es lo nuestro&#8230; ya sab\u00e9is qu\u00e9 opci\u00f3n tomamos.<\/p>\n<p>No obstante, se sigue trabajando con las administraciones p\u00fablicas (las que nos reconocen, otras s\u00f3lo saben dar portazos) para mejorar los sistemas de registro y hemos solicitado modificaciones a la plataforma CLARA de la Junta de Andaluc\u00eda (que es mucho mejor que el registro estatal del 060) para <strong>que sirva de portal de comunicaci\u00f3n real con los ciudadanos, evitando estas \u00abv\u00edas alternativas\u00bb que s\u00f3lo consiguen aumentar el papeleo.<\/strong><\/p>\n<p>Las primeras respuestas (telef\u00f3nicas) han sido esperanzadoras, y esperamos que tras estudiar nuestras peticiones puedan hacer algunos cambios, incluidos los de car\u00e1cter t\u00e9cnico, para ello.<\/p>\n<p><strong>P.D.: Opci\u00f3n para no residentes en Andaluc\u00eda.<\/strong><\/p>\n<p>El permitiros registrar un escrito en un Ayuntamiento no es una opci\u00f3n, es obligatorio, pero luego os pueden declarar no admitida la petici\u00f3n por incompetentes si no se dirige a ellos.<\/p>\n<p class=\"a\">Llegados a este punto la Ley Org\u00e1nica 4\/2001 Reguladora del Derecho de Petici\u00f3n establece en su art\u00edculo d\u00e9cimo que:<\/p>\n<p>\u00ab<em>Art\u00edculo 10<\/em> <i> Decisiones sobre competencia <\/i><\/p>\n<p><b>1.<\/b> Siempre que la declaraci\u00f3n de inadmisibilidad de una petici\u00f3n se base en la falta de competencia de su destinatario, <strong>\u00e9ste la remitir\u00e1 a la instituci\u00f3n, administraci\u00f3n u organismo que estime competente en el plazo de diez d\u00edas y lo comunicar\u00e1 as\u00ed al peticionario.<\/strong> \u00bb<\/p>\n<p>Es decir, que<strong> devolveros el escrito sin m\u00e1s NO cumple la normativa vigente<\/strong>. Lo que deben hacer es remitirlo al que entiendan competente y notific\u00e1roslo, con lo que segu\u00eds ahorr\u00e1ndoos el taxi del ejemplo para hacer 100 kms. y el Ayuntamiento deber\u00eda transmitirlo por las v\u00edas que procedan.<\/p>\n<p>Una vez m\u00e1s insistimos: son procesos engorrosos tal vez, y los propios funcionarios desconocer\u00e1n su funcionamiento, por lo que <strong>siempre queda la opci\u00f3n de renunciar a ese derecho y asumir el coste a\u00f1adido de una deficiente administraci\u00f3n p\u00fablica que no cumple sus propias normas.<\/strong> <\/p>\n","protected":false},"excerpt":{"rendered":"<div class=\"mh-excerpt\"><p>Un problema que puede presentarse a cualquier ciudadano en sus comunicaciones con la administraci\u00f3n puede ser la \u00abperegrinaci\u00f3n\u00bb de ventanilla en ventanilla o simplemente la <a class=\"mh-excerpt-more\" href=\"https:\/\/democraciaactiva.eu\/?p=418\" title=\"Comunicarnos con la administraci\u00f3n. Caso pr\u00e1ctico: C\u00f3mo convertir un Ayuntamiento en ventanilla \u00fanica (versi\u00f3n Andaluc\u00eda)\">[&#8230;]<\/a><\/p>\n<\/div>","protected":false},"author":1,"featured_media":0,"comment_status":"open","ping_status":"open","sticky":false,"template":"","format":"standard","meta":[],"categories":[12],"tags":[],"_links":{"self":[{"href":"https:\/\/democraciaactiva.eu\/index.php?rest_route=\/wp\/v2\/posts\/418"}],"collection":[{"href":"https:\/\/democraciaactiva.eu\/index.php?rest_route=\/wp\/v2\/posts"}],"about":[{"href":"https:\/\/democraciaactiva.eu\/index.php?rest_route=\/wp\/v2\/types\/post"}],"author":[{"embeddable":true,"href":"https:\/\/democraciaactiva.eu\/index.php?rest_route=\/wp\/v2\/users\/1"}],"replies":[{"embeddable":true,"href":"https:\/\/democraciaactiva.eu\/index.php?rest_route=%2Fwp%2Fv2%2Fcomments&post=418"}],"version-history":[{"count":0,"href":"https:\/\/democraciaactiva.eu\/index.php?rest_route=\/wp\/v2\/posts\/418\/revisions"}],"wp:attachment":[{"href":"https:\/\/democraciaactiva.eu\/index.php?rest_route=%2Fwp%2Fv2%2Fmedia&parent=418"}],"wp:term":[{"taxonomy":"category","embeddable":true,"href":"https:\/\/democraciaactiva.eu\/index.php?rest_route=%2Fwp%2Fv2%2Fcategories&post=418"},{"taxonomy":"post_tag","embeddable":true,"href":"https:\/\/democraciaactiva.eu\/index.php?rest_route=%2Fwp%2Fv2%2Ftags&post=418"}],"curies":[{"name":"wp","href":"https:\/\/api.w.org\/{rel}","templated":true}]}}