{"id":409,"date":"2014-08-15T08:25:07","date_gmt":"2014-08-15T07:25:07","guid":{"rendered":"http:\/\/democraciaactiva.eu\/?p=409"},"modified":"2014-08-15T08:25:07","modified_gmt":"2014-08-15T07:25:07","slug":"comunicarnos-con-la-administracion-denuncia-defensiva","status":"publish","type":"post","link":"https:\/\/democraciaactiva.eu\/?p=409","title":{"rendered":"Comunicarnos con la administraci\u00f3n. Caso pr\u00e1ctico: Denuncia defensiva."},"content":{"rendered":"<p>Un ejemplo de situaci\u00f3n en la que podemos encontrarnos cuando tratamos de comunicarnos con la administraci\u00f3n p\u00fablica es <strong>que \u00e9sta no nos preste la debida atenci\u00f3n.<\/strong><\/p>\n<p>Es decir, que por m\u00e1s que intentemos explicar al funcionario de turno una situaci\u00f3n claramente injusta, \u00e9ste no deja de repetirnos \u00abpres\u00e9ntelo usted por escrito\u00bb, \u00able responderemos en el plazo legal\u00bb, \u00abtiene posibilidad de recurrir si no est\u00e1 de acuerdo\u00bb, y un largo etc\u00e9tera de canciones que parecen tener bien aprendidas.<\/p>\n<p>\u00bfQu\u00e9 hacer en estos casos? Simplemente obedecemos. No podemos intentar que alguien comprenda una situaci\u00f3n, y mucho menos que la resuelva, si apenas quiere oir qu\u00e9 tenemos que decir porque es la hora de su desayuno o tiene que leer la prensa diaria antes de que llegue su compa\u00f1ero y le debatan sobre el partido de anoche&#8230; S\u00ed, ya s\u00e9 que son t\u00f3picos que no ocurren con todos los funcionarios, faltar\u00eda m\u00e1s, pero se dan en demasiados casos.<\/p>\n<p>Pero volviendo al tema en cuesti\u00f3n, cuando topamos con estos \u00abmuros administrativos\u00bb -yo cada vez tengo menos paciencia para perder el tiempo en ellos- deber\u00edamos obedecer y plantear las situaciones ante las instancias opotunas.<\/p>\n<p>Y vamos a un ejemplo pr\u00e1ctico que estamos viendo estos d\u00edas, muy parecido al conocido caso de <a href=\"http:\/\/tesorillo.wordpress.com\/2013\/02\/20\/yo-tambien-aparco-en-mercadona-iii\/\" target=\"_blank\">\u00abyo tambi\u00e9n aparco en Mercadona\u00bb<\/a> , y ante el que se act\u00faa de forma parecida.<\/p>\n<p>En el caso pr\u00e1ctico en cuesti\u00f3n un ciudadano deja estacionado su veh\u00edculo correctamente y se ausenta diez d\u00edas del municipio. En este tiempo la Polic\u00eda Local procede a instalar se\u00f1ales de prohibici\u00f3n de estacionamiento temporales (iban a fumigar las palmeras de la zona unos d\u00edas despu\u00e9s) sin tomar nota de los veh\u00edculos que se encontraban estacionados ni tratar de notificar a sus propietarios en modo alguno.<\/p>\n<p>La Polic\u00eda Local vuelve dos d\u00edas m\u00e1s tarde, y como el veh\u00edculo sigue all\u00ed, lo retira al dep\u00f3sito municipal denunciando la supuesta infracci\u00f3n por estacionamiento en zona prohibida.<\/p>\n<p>A la vuelta el ciudadano debe abonar los gastos de retirada y dep\u00f3sito de su veh\u00edculo, y recurrir la denuncia, para lo cual solicita, adem\u00e1s de explicar la situaci\u00f3n solicita como prueba que se informe de qu\u00e9 veh\u00edculos se encontraban estacionados en la zona en el momento de la se\u00f1alizaci\u00f3n.<\/p>\n<p>Una <strong>administraci\u00f3n responsable<\/strong> entendemos que podr\u00eda entender el error y la injusticia cometida, y tomar la retirada del veh\u00edculo como algo necesario (por las labores de fumigaci\u00f3n) pero de cuyos gastos <strong>no es responsable el ciudadano<\/strong> que no fue informado en ning\u00fan momento. Pero no, como suele ser habitual en la administraci\u00f3n <strong>\u00e9sta responde con un formulario tipo resaltando que estacionar bajo se\u00f1al de prohibido es sancionable&#8230; y sigue el procedimiento.<\/strong><\/p>\n<p>Llegados a este punto, tras la desestimaci\u00f3n de las alegaciones est\u00e1 la presentaci\u00f3n del recurso potestativo, pero&#8230; <strong>\u00bfqu\u00e9 posibilidades tenemos de que se lean nuestras explicaciones?, \u00bfacaso no volveremos a recibir otra \u00abresoluci\u00f3n tipo\u00bb continuando el procedimiento de forma autom\u00e1tica?<\/strong><\/p>\n<p>Pues para evitar eso, y conscientes de la injusticia cometida, s\u00f3lo debemos seguir las normas, tal como nos habr\u00e1n aconsejado los amables funcionarios durante nuestras llamadas.<\/p>\n<p>En primer lugar, por supuesto, <strong>debemos reiterar el motivo de las alegaciones en un RECURSO POTESTATIVO<\/strong>, pero, y aqu\u00ed viene la diferencia que utilizamos en casos, insisto, de injusticia clara y dejadez en la instrucci\u00f3n del expediente, antes hemos pasado por el Juzgado a dejar una <strong>denuncia por PREVARICACI\u00d3N<\/strong>.<\/p>\n<p>No es que sea una opci\u00f3n, sino una <strong>obligaci\u00f3n legal conforme al art. 259 de la Ley de Enjuiciamiento Criminal<\/strong>, si tenemos conocimiento de que se est\u00e1 produciendo una clara injusticia a sabiendas.<a href=\"https:\/\/democraciaactiva.eu\/wp-content\/uploads\/2014\/08\/Denuncia-Prevaricaci\u00f3n.jpg\"><img decoding=\"async\" loading=\"lazy\" class=\"aligncenter size-medium wp-image-410\" src=\"https:\/\/democraciaactiva.eu\/wp-content\/uploads\/2014\/08\/Denuncia-Prevaricaci\u00f3n-212x300.jpg\" alt=\"Denuncia Prevaricaci\u00f3n\" width=\"212\" height=\"300\" \/><\/a>Para nuestro objetivo, que no es otro que se responda a las cuestiones planteadas en el recurso, puede servir adjuntando copia de la denuncia, alegaciones y contestaci\u00f3n a las mismas. En otros casos, cuando se dan circunstancias m\u00e1s graves, el expediente es algo m\u00e1s complejo.<\/p>\n<p>Y ahora viene la presentaci\u00f3n del recurso potestativo ante la desestimaci\u00f3n de las alegaciones, que b\u00e1sicamente y dado que no han contestado a las primeras, es muy similar pero con una notable diferencia tras la denuncia judicial.<\/p>\n<p><strong>En el recurso hacemos constar que se ha presentado denuncia por prevaricaci\u00f3n contra el agente denunciante e instructor del procedimiento, y promovemos la recusaci\u00f3n de ambos, conforme al art. 28 y ss. de la Ley 30\/92.<\/strong><\/p>\n<p>De este modo, <strong>conforme al art. 77 de la misma Ley 30\/92 el procedimiento debe suspenderse hasta resolver la recusaci\u00f3n<\/strong>, algo que no deber\u00eda demorarse. <a href=\"https:\/\/democraciaactiva.eu\/wp-content\/uploads\/2014\/08\/Recurso-1_P\u00e1gina_1.jpg\"><img decoding=\"async\" loading=\"lazy\" class=\"aligncenter size-medium wp-image-413\" src=\"https:\/\/democraciaactiva.eu\/wp-content\/uploads\/2014\/08\/Recurso-1_P\u00e1gina_1-212x300.jpg\" alt=\"Recurso 1_P\u00e1gina_1\" width=\"212\" height=\"300\" \/><\/a><\/p>\n<p><img decoding=\"async\" loading=\"lazy\" class=\"aligncenter size-medium wp-image-412\" src=\"https:\/\/democraciaactiva.eu\/wp-content\/uploads\/2014\/08\/Recurso-1_P\u00e1gina_2-212x300.jpg\" alt=\"Recurso 1_P\u00e1gina_2\" width=\"212\" height=\"300\" \/>Esto significar\u00eda que ahora quienes llevaban el expediente y resolv\u00edan nuestro recurso deben cambiar con motivo de la denuncia por prevaricaci\u00f3n. Evidentemente <strong>quienes les sustituyan conocer\u00e1n los motivos del cambio, prestar\u00e1n algo m\u00e1s de atenci\u00f3n y es de suponer que\u00a0 leer\u00e1n y resolver\u00e1n el fondo de todas las cuestiones planteadas.<\/strong><\/p>\n<p>La verdad es que en todas las situaciones planteadas hasta la fecha por este procedimiento la siguiente respuesta de la administraci\u00f3n ha sido <strong>\u00abarchivar el procedimiento sin m\u00e1s tr\u00e1mite\u00bb<\/strong>&#8230; con lo que resolver lo que se dice resolver&#8230; no es que contesten a nuestras alegaciones, pero s\u00ed se anula el expediente contra el que actu\u00e1bamos.<\/p>\n<p>En el siguiente ejemplo podemos ver c\u00f3mo no se quiere entrar en el fondo del asunto pero se cierra el expediente,<strong> firmando de forma \u00abaccidental\u00bb<\/strong> quien, tras el procedimiento anterior, ha debido sustituir a la anterior instructora. <strong>El objetivo de esta \u00abdenuncia defensiva\u00bb es claro: que otra persona se haga cargo del expediente y, ante lo inusual de la situaci\u00f3n, se lea realmente las alegaciones y deje de contestar con \u00abrespuestas tipo\u00bb, cumpliendo as\u00ed la normativa vigente.<\/strong><a href=\"https:\/\/democraciaactiva.eu\/wp-content\/uploads\/2014\/08\/130218-respuesta-queja-enero-dgt2.jpg\"><img decoding=\"async\" loading=\"lazy\" class=\"aligncenter size-medium wp-image-411\" src=\"https:\/\/democraciaactiva.eu\/wp-content\/uploads\/2014\/08\/130218-respuesta-queja-enero-dgt2-214x300.jpg\" alt=\"130218-respuesta-queja-enero-dgt2\" width=\"214\" height=\"300\" \/><\/a> <\/p>\n","protected":false},"excerpt":{"rendered":"<div class=\"mh-excerpt\"><p>Un ejemplo de situaci\u00f3n en la que podemos encontrarnos cuando tratamos de comunicarnos con la administraci\u00f3n p\u00fablica es que \u00e9sta no nos preste la debida <a class=\"mh-excerpt-more\" href=\"https:\/\/democraciaactiva.eu\/?p=409\" title=\"Comunicarnos con la administraci\u00f3n. Caso pr\u00e1ctico: Denuncia defensiva.\">[&#8230;]<\/a><\/p>\n<\/div>","protected":false},"author":1,"featured_media":0,"comment_status":"open","ping_status":"open","sticky":false,"template":"","format":"standard","meta":[],"categories":[6,11],"tags":[],"_links":{"self":[{"href":"https:\/\/democraciaactiva.eu\/index.php?rest_route=\/wp\/v2\/posts\/409"}],"collection":[{"href":"https:\/\/democraciaactiva.eu\/index.php?rest_route=\/wp\/v2\/posts"}],"about":[{"href":"https:\/\/democraciaactiva.eu\/index.php?rest_route=\/wp\/v2\/types\/post"}],"author":[{"embeddable":true,"href":"https:\/\/democraciaactiva.eu\/index.php?rest_route=\/wp\/v2\/users\/1"}],"replies":[{"embeddable":true,"href":"https:\/\/democraciaactiva.eu\/index.php?rest_route=%2Fwp%2Fv2%2Fcomments&post=409"}],"version-history":[{"count":0,"href":"https:\/\/democraciaactiva.eu\/index.php?rest_route=\/wp\/v2\/posts\/409\/revisions"}],"wp:attachment":[{"href":"https:\/\/democraciaactiva.eu\/index.php?rest_route=%2Fwp%2Fv2%2Fmedia&parent=409"}],"wp:term":[{"taxonomy":"category","embeddable":true,"href":"https:\/\/democraciaactiva.eu\/index.php?rest_route=%2Fwp%2Fv2%2Fcategories&post=409"},{"taxonomy":"post_tag","embeddable":true,"href":"https:\/\/democraciaactiva.eu\/index.php?rest_route=%2Fwp%2Fv2%2Ftags&post=409"}],"curies":[{"name":"wp","href":"https:\/\/api.w.org\/{rel}","templated":true}]}}