{"id":405,"date":"2014-08-14T23:40:06","date_gmt":"2014-08-14T22:40:06","guid":{"rendered":"http:\/\/democraciaactiva.eu\/?p=405"},"modified":"2014-08-14T23:40:06","modified_gmt":"2014-08-14T22:40:06","slug":"comunicarnos-con-la-administracion-paso-2-recordatorio","status":"publish","type":"post","link":"https:\/\/democraciaactiva.eu\/?p=405","title":{"rendered":"Comunicarnos con la administraci\u00f3n. Paso 2: Recordatorio."},"content":{"rendered":"<p>Cuando hemos hecho una petici\u00f3n a la administraci\u00f3n, <strong>tenemos una copia con la fecha y n\u00famero de registro que \u00e9sta le ha dado<\/strong>. Este n\u00famero de registro es obligatorio que lo indique nuestra copia, aunque en muchas administraciones se ha detectado que no lo hacen as\u00ed, s\u00f3lo indican la fecha porque el n\u00famero lo a\u00f1aden a final de la ma\u00f1ana. <strong>Esta excusa supone una pr\u00e1ctica irregular y no deber\u00edan hacerlo<\/strong>, por lo que si exigimos el n\u00famero de registro deber\u00edan indicarlo tambi\u00e9n en nuestra copia.<\/p>\n<p>L\u00f3gicamente si el escrito no se entrega directamente en la administraci\u00f3n a la que nos dirigimos, como por ejemplo ocurre si se utilizan las \u00abventanillas \u00fanicas\u00bb de algunas administraciones, nuestra referencia puede no coincidir con la que tenga la administraci\u00f3n destinataria.<\/p>\n<p>Por eso, conviene tener en cuenta que <strong> la legislaci\u00f3n obliga a la administraci\u00f3n a mandarnos un primer acuse de recibo en el plazo de 10 d\u00edas<\/strong>, comunic\u00e1ndonos la referencia dada a nuestra petici\u00f3n, as\u00ed como<strong> el plazo y efecto del silencio administrativo<\/strong> en caso de no recibir respuesta. Concretamente el art. 42.4 de la Ley 30\/92 establece que <em>\u00abEn todo caso, las Administraciones p\u00fablicas informar\u00e1n a los interesados del plazo m\u00e1ximo normativamente establecido para la resoluci\u00f3n y notificaci\u00f3n de los procedimientos, as\u00ed como de los efectos que pueda producir el silencio administrativo, incluyendo dicha menci\u00f3n en la notificaci\u00f3n o publicaci\u00f3n del acuerdo de iniciaci\u00f3n de oficio, o <strong>en comunicaci\u00f3n que se les dirigir\u00e1 al efecto dentro de los diez d\u00edas siguientes a la recepci\u00f3n de la solicitud en el registro<\/strong> del \u00f3rgano competente para su tramitaci\u00f3n. En este \u00faltimo caso, la comunicaci\u00f3n indicar\u00e1 adem\u00e1s la fecha en que la solicitud ha sido recibida por el \u00f3rgano competente.\u00bb<\/em><\/p>\n<p>El efecto del silencio administrativo sobre nuestra petici\u00f3n y posteriores recursos lo tocaremos m\u00e1s adelante, pero de momento <strong>el incumplimiento de la administraci\u00f3n de esta obligaci\u00f3n legal dar\u00eda pie a un primer \u00abrecordatorio\u00bb<\/strong>. Hasta la fecha hemos detectado escas\u00edsimas administraciones que cumplan con esta obligaci\u00f3n legal, como la Tesorer\u00eda General de la Seguridad Social, cuyo formato incluimos como ejemplo.<a href=\"https:\/\/democraciaactiva.eu\/wp-content\/uploads\/2014\/08\/Plazos-y-efectos.jpg\"><img decoding=\"async\" loading=\"lazy\" class=\"aligncenter size-medium wp-image-406\" src=\"https:\/\/democraciaactiva.eu\/wp-content\/uploads\/2014\/08\/Plazos-y-efectos-211x300.jpg\" alt=\"Plazos y efectos\" width=\"211\" height=\"300\" \/><\/a><\/p>\n<p>De este modo, <strong>de no recibir respuesta transcurrido un plazo prudencial<\/strong> tras nuestra petici\u00f3n (en nuestro protocolo dej\u00e1bamos 30 d\u00edas aunque posteriormente se decidi\u00f3 ampliarlo a 45) <strong>enviamos a la administraci\u00f3n un \u00abrecordatorio\u00bb de sus obligaciones legales<\/strong>, hasta la fecha incumplidas. Para ello podemos usar el siguiente formato de ejemplo, donde se rellenan los datos de identificaci\u00f3n de la petici\u00f3n y del solicitante (se\u00f1alados en rojo):<br \/>\n<a href=\"https:\/\/democraciaactiva.eu\/wp-content\/uploads\/2014\/08\/C02-Formato-Requerimiento-ciudadano.jpg\"><img decoding=\"async\" loading=\"lazy\" class=\"aligncenter size-medium wp-image-407\" src=\"https:\/\/democraciaactiva.eu\/wp-content\/uploads\/2014\/08\/C02-Formato-Requerimiento-ciudadano-212x300.jpg\" alt=\"C02 Formato Requerimiento ciudadano\" width=\"212\" height=\"300\" \/><\/a>Dado que existe la posibilidad de que, mientras nuestra petici\u00f3n est\u00e1 archivada cuidadosamente en alg\u00fan caj\u00f3n o papelera cercana, se est\u00e9n tramitando otras peticiones posteriores, en el \u00faltimo punto de este recordatorio <strong>solicitamos acceso al listado de procedimientos en tr\u00e1mite que, conforme al citado art. 42.4 de la Ley 30\/92, deber\u00eda existir en las Administraciones P\u00fablicas.<\/strong><\/p>\n<p>Art. 42.4 Ley 30\/92: <em>\u00abLas Administraciones p\u00fablicas deben publicar y mantener actualizadas, a efectos informativos, las relaciones de procedimientos, con indicaci\u00f3n de los plazos m\u00e1ximos de duraci\u00f3n de los mismos, as\u00ed como de los efectos que produzca el silencio administrativo.\u00bb<\/em> <\/p>\n","protected":false},"excerpt":{"rendered":"<div class=\"mh-excerpt\"><p>Cuando hemos hecho una petici\u00f3n a la administraci\u00f3n, tenemos una copia con la fecha y n\u00famero de registro que \u00e9sta le ha dado. Este n\u00famero <a class=\"mh-excerpt-more\" href=\"https:\/\/democraciaactiva.eu\/?p=405\" title=\"Comunicarnos con la administraci\u00f3n. Paso 2: Recordatorio.\">[&#8230;]<\/a><\/p>\n<\/div>","protected":false},"author":1,"featured_media":0,"comment_status":"open","ping_status":"open","sticky":false,"template":"","format":"standard","meta":[],"categories":[5,11,16],"tags":[],"_links":{"self":[{"href":"https:\/\/democraciaactiva.eu\/index.php?rest_route=\/wp\/v2\/posts\/405"}],"collection":[{"href":"https:\/\/democraciaactiva.eu\/index.php?rest_route=\/wp\/v2\/posts"}],"about":[{"href":"https:\/\/democraciaactiva.eu\/index.php?rest_route=\/wp\/v2\/types\/post"}],"author":[{"embeddable":true,"href":"https:\/\/democraciaactiva.eu\/index.php?rest_route=\/wp\/v2\/users\/1"}],"replies":[{"embeddable":true,"href":"https:\/\/democraciaactiva.eu\/index.php?rest_route=%2Fwp%2Fv2%2Fcomments&post=405"}],"version-history":[{"count":0,"href":"https:\/\/democraciaactiva.eu\/index.php?rest_route=\/wp\/v2\/posts\/405\/revisions"}],"wp:attachment":[{"href":"https:\/\/democraciaactiva.eu\/index.php?rest_route=%2Fwp%2Fv2%2Fmedia&parent=405"}],"wp:term":[{"taxonomy":"category","embeddable":true,"href":"https:\/\/democraciaactiva.eu\/index.php?rest_route=%2Fwp%2Fv2%2Fcategories&post=405"},{"taxonomy":"post_tag","embeddable":true,"href":"https:\/\/democraciaactiva.eu\/index.php?rest_route=%2Fwp%2Fv2%2Ftags&post=405"}],"curies":[{"name":"wp","href":"https:\/\/api.w.org\/{rel}","templated":true}]}}