{"id":397,"date":"2014-08-14T17:51:50","date_gmt":"2014-08-14T16:51:50","guid":{"rendered":"http:\/\/democraciaactiva.eu\/?p=397"},"modified":"2014-08-14T17:51:50","modified_gmt":"2014-08-14T16:51:50","slug":"las-pmr-pueden-utilizarse-para-comprar-en-el-chino-segun-la-guardia-civil","status":"publish","type":"post","link":"https:\/\/democraciaactiva.eu\/?p=397","title":{"rendered":"Las PMR pueden utilizarse para comprar en el chino, seg\u00fan la Guardia Civil"},"content":{"rendered":"<p>Hoy hemos recibido contestaci\u00f3n a la queja por la actuaci\u00f3n de la Guardia Civil <a href=\"https:\/\/democraciaactiva.eu\/?p=322\" target=\"_blank\">permitiendo a un conductor estacionar en una plaza reservada para personas con movilidad reducida sin autorizaci\u00f3n<\/a> durante m\u00e1s de hora y media, que no pudo ser utilizada evidentemente por quienes pasaron por la zona.<\/p>\n<p>Seg\u00fan el atento escrito del responsable, han \u00abverificado\u00bb que se debi\u00f3 a \u00abuna urgencia con un menor\u00bb. Como pudieron comprobar los agentes, <strong>la urgencia que se prolong\u00f3 m\u00e1s de una hora, fue la imperiosa necesidad de comprarle algo en el \u00abchino\u00bb<\/strong> existente al lado del estacionamiento reservado.<\/p>\n<p>Adem\u00e1s el Coronel Jefe de la Comandancia entiende que como <em><strong>\u00abno hab\u00eda perjuicio para terceros\u00bb<\/strong><\/em>, se considera que <strong>la actuaci\u00f3n m\u00e1s correcta fue la realizada, es decir, no denunciar la infracci\u00f3n.<\/strong><\/p>\n<p>Y hasta aqu\u00ed pude leer, porque evidentemente ese modo de actuar necesita una aclaraci\u00f3n. Cualquiera puede tener una \u00aburgencia con un menor\u00bb y, por ejemplo, pasar a 100 km\/h por delante de un radar en zona de 80, \u00bfno?, sin que exista perjuicio para terceros, o aparcar encima de una acera, o girar en l\u00ednea cont\u00ednua, o&#8230; lo que quieran imaginar. Basta con decir que tuvimos una emergencia con el ni\u00f1o y \u00abla actuaci\u00f3n m\u00e1s correcta\u00bb de los agentes ser\u00e1 no denunciarnos&#8230;\u00a0 <strong>seguro que a todos os ha pasado alguna vez y los amables agentes no os han denunciado&#8230;<\/strong><\/p>\n<p>Curiosamente la primera versi\u00f3n de la Guardia Civil a la prensa se excusaba en falta de competencia para negarse a denunciar la infracci\u00f3n, algo que no les ha impedido en otras ocasiones denunciar supuestos estacionamientos prohibidos en zona urbana. La respuesta oficial resulta m\u00e1s insultante para el resto de ciudadanos que no podemos tirar de tel\u00e9fono, llamar a los \u00abcompa\u00f1eros\u00bb, y decir que era una urgencia para eludir la denuncia.<\/p>\n<p>Bueno, tambi\u00e9n pudo influir algo el que el conductor llamara <strong>\u00abcompa\u00f1eros\u00bb<\/strong> a los agentes que se personaron&#8230; digo yo, pero como la seguridad jur\u00eddica es fundamental y tenemos que conocer bien nuestros derechos para poder ejercerlos, se iniciar\u00e1 petici\u00f3n de aclaraci\u00f3n, esta vez a trav\u00e9s de DCA, para dejar totalmente claro, <strong>qu\u00e9 \u00aburgencias con menores\u00bb o similares pueden alegarse para que quedemos exentos del cumplimiento de las normas de tr\u00e1fico<\/strong>, y tambi\u00e9n <strong>qu\u00e9 se considera \u00abperjuicio para terceros\u00bb, porque seguramente al se\u00f1or del Volkswagen negro que pas\u00f3 con la tarjeta autorizada en el parabrisas y tuvo que seguir de largo no se lo explicaron cuando le dieron el carnet de conducir.<\/strong> Puede que \u00e9l, ing\u00e9nuamente, se considere un \u00abtercero\u00bb, y hasta que piense, err\u00f3neamente claro, que no poder utilizar la plaza para la tiene autorizaci\u00f3n porque la ha ocupado otro para comprar en el chino le ha perjudicado&#8230;<\/p>\n<p><a href=\"https:\/\/democraciaactiva.eu\/wp-content\/uploads\/2014\/08\/Repuesta-queja-1.jpg\"><img decoding=\"async\" loading=\"lazy\" class=\"aligncenter wp-image-399 size-medium\" src=\"https:\/\/democraciaactiva.eu\/wp-content\/uploads\/2014\/08\/Repuesta-queja-1-210x300.jpg\" alt=\"Repuesta queja 1\" width=\"210\" height=\"300\" \/><\/a><\/p>\n<p><a href=\"https:\/\/democraciaactiva.eu\/wp-content\/uploads\/2014\/07\/Croquis-Emergencia.jpg\"><img decoding=\"async\" loading=\"lazy\" class=\"aligncenter size-medium wp-image-324\" src=\"https:\/\/democraciaactiva.eu\/wp-content\/uploads\/2014\/07\/Croquis-Emergencia-300x241.jpg\" alt=\"Croquis Emergencia\" width=\"300\" height=\"241\" \/><\/a> <\/p>\n","protected":false},"excerpt":{"rendered":"<div class=\"mh-excerpt\"><p>Hoy hemos recibido contestaci\u00f3n a la queja por la actuaci\u00f3n de la Guardia Civil permitiendo a un conductor estacionar en una plaza reservada para personas <a class=\"mh-excerpt-more\" href=\"https:\/\/democraciaactiva.eu\/?p=397\" title=\"Las PMR pueden utilizarse para comprar en el chino, seg\u00fan la Guardia Civil\">[&#8230;]<\/a><\/p>\n<\/div>","protected":false},"author":1,"featured_media":0,"comment_status":"open","ping_status":"open","sticky":false,"template":"","format":"standard","meta":[],"categories":[12],"tags":[],"_links":{"self":[{"href":"https:\/\/democraciaactiva.eu\/index.php?rest_route=\/wp\/v2\/posts\/397"}],"collection":[{"href":"https:\/\/democraciaactiva.eu\/index.php?rest_route=\/wp\/v2\/posts"}],"about":[{"href":"https:\/\/democraciaactiva.eu\/index.php?rest_route=\/wp\/v2\/types\/post"}],"author":[{"embeddable":true,"href":"https:\/\/democraciaactiva.eu\/index.php?rest_route=\/wp\/v2\/users\/1"}],"replies":[{"embeddable":true,"href":"https:\/\/democraciaactiva.eu\/index.php?rest_route=%2Fwp%2Fv2%2Fcomments&post=397"}],"version-history":[{"count":0,"href":"https:\/\/democraciaactiva.eu\/index.php?rest_route=\/wp\/v2\/posts\/397\/revisions"}],"wp:attachment":[{"href":"https:\/\/democraciaactiva.eu\/index.php?rest_route=%2Fwp%2Fv2%2Fmedia&parent=397"}],"wp:term":[{"taxonomy":"category","embeddable":true,"href":"https:\/\/democraciaactiva.eu\/index.php?rest_route=%2Fwp%2Fv2%2Fcategories&post=397"},{"taxonomy":"post_tag","embeddable":true,"href":"https:\/\/democraciaactiva.eu\/index.php?rest_route=%2Fwp%2Fv2%2Ftags&post=397"}],"curies":[{"name":"wp","href":"https:\/\/api.w.org\/{rel}","templated":true}]}}