{"id":371,"date":"2014-08-04T13:24:01","date_gmt":"2014-08-04T12:24:01","guid":{"rendered":"http:\/\/democraciaactiva.eu\/?p=371"},"modified":"2014-08-04T13:24:01","modified_gmt":"2014-08-04T12:24:01","slug":"asociaciones-peligrosas","status":"publish","type":"post","link":"https:\/\/democraciaactiva.eu\/?p=371","title":{"rendered":"Asociaciones peligrosas"},"content":{"rendered":"<p>&nbsp;<\/p>\n<p>En vista del peligro que seg\u00fan el Sr. Alcalde del Ayuntamiento de San Roque representamos para la instituci\u00f3n que preside, recordamos algunas de las \u00abarmas\u00bb que empleamos, a\u00fan sin contestar, como muestra de la gran complejidad que hace necesario destinar un funcionario expresamente a resolverlas, as\u00ed como innumerables horas de la Secretar\u00eda General, sin que pese a tama\u00f1o esfuerzo hayan conseguido, meses despu\u00e9s, dar respuesta a la informaci\u00f3n solicitada.<\/p>\n<p>Empezaremos con una de parques infantiles&#8230; igual no sab\u00edan que deben tener inspecciones anuales obligatorias&#8230;<a href=\"https:\/\/democraciaactiva.eu\/wp-content\/uploads\/2014\/08\/Parques.jpg\"><img decoding=\"async\" loading=\"lazy\" class=\"aligncenter size-medium wp-image-372\" src=\"https:\/\/democraciaactiva.eu\/wp-content\/uploads\/2014\/08\/Parques-212x300.jpg\" alt=\"Parques\" width=\"212\" height=\"300\" \/><\/a>Una de plagas&#8230; el cuidado de los inmuebles es competencia municipal subsidiariamente si los propietarios lo abandonan&#8230;<a href=\"https:\/\/democraciaactiva.eu\/wp-content\/uploads\/2014\/08\/Plagas.jpg\"><img decoding=\"async\" loading=\"lazy\" class=\"aligncenter size-medium wp-image-373\" src=\"https:\/\/democraciaactiva.eu\/wp-content\/uploads\/2014\/08\/Plagas-212x300.jpg\" alt=\"Plagas\" width=\"212\" height=\"300\" \/><\/a>Una de fuentes&#8230; porque seguro que saben que deben mantener unos controles sobre sus aguas&#8230;<br \/>\n<a href=\"https:\/\/democraciaactiva.eu\/wp-content\/uploads\/2014\/08\/Fuentes.jpg\"><img decoding=\"async\" loading=\"lazy\" class=\"aligncenter size-medium wp-image-379\" src=\"https:\/\/democraciaactiva.eu\/wp-content\/uploads\/2014\/08\/Fuentes-212x300.jpg\" alt=\"Fuentes\" width=\"212\" height=\"300\" \/><\/a>Marchando una de extintores&#8230; porque parece que no sab\u00edan que hay que revisarlos tambi\u00e9n&#8230;<a href=\"https:\/\/democraciaactiva.eu\/wp-content\/uploads\/2014\/08\/Incendios.jpg\"><img decoding=\"async\" loading=\"lazy\" class=\"aligncenter size-medium wp-image-380\" src=\"https:\/\/democraciaactiva.eu\/wp-content\/uploads\/2014\/08\/Incendios-210x300.jpg\" alt=\"Incendios\" width=\"210\" height=\"300\" \/><\/a>Ahora unas cuantas de animales&#8230; porque est\u00e1 bien multar a los due\u00f1os pero&#8230; \u00bfcumple la administraci\u00f3n sus obligaciones con los animales?<a href=\"https:\/\/democraciaactiva.eu\/wp-content\/uploads\/2014\/08\/Animales.jpg\"><img decoding=\"async\" loading=\"lazy\" class=\"aligncenter size-medium wp-image-374\" src=\"https:\/\/democraciaactiva.eu\/wp-content\/uploads\/2014\/08\/Animales-210x300.jpg\" alt=\"Animales\" width=\"210\" height=\"300\" \/><\/a>Y cuando reciben un animal abandonado&#8230; \u00bfqu\u00e9 hacen con \u00e9l?&#8230; esperamos que despu\u00e9s de un gasto de 40 mil euros para contestarnos, alg\u00fan d\u00eda llegue la respuesta&#8230;<a href=\"https:\/\/democraciaactiva.eu\/wp-content\/uploads\/2014\/08\/Animales-2.jpg\"><img decoding=\"async\" loading=\"lazy\" class=\"aligncenter size-medium wp-image-375\" src=\"https:\/\/democraciaactiva.eu\/wp-content\/uploads\/2014\/08\/Animales-2-212x300.jpg\" alt=\"Animales 2\" width=\"212\" height=\"300\" \/><\/a>Aunque si la respuesta es que los sacrifican al d\u00eda siguiente, tambi\u00e9n tenemos derecho a saberlo, y a conocer c\u00f3mo desarrolla su actividad la \u00abempresa\u00bb contratada para ello&#8230;<a href=\"https:\/\/democraciaactiva.eu\/wp-content\/uploads\/2014\/08\/Animales-3.jpg\"><img decoding=\"async\" loading=\"lazy\" class=\"aligncenter size-medium wp-image-376\" src=\"https:\/\/democraciaactiva.eu\/wp-content\/uploads\/2014\/08\/Animales-3-212x300.jpg\" alt=\"Animales 3\" width=\"212\" height=\"300\" \/><\/a>Claro que tambi\u00e9n podemos preguntar sobre los obst\u00e1culos que nos ponen en la calzada cada d\u00eda&#8230;.<a href=\"https:\/\/democraciaactiva.eu\/wp-content\/uploads\/2014\/08\/Badenes-Almendral_P\u00e1gina_1.jpg\"><img decoding=\"async\" loading=\"lazy\" class=\"aligncenter size-medium wp-image-377\" src=\"https:\/\/democraciaactiva.eu\/wp-content\/uploads\/2014\/08\/Badenes-Almendral_P\u00e1gina_1-212x300.jpg\" alt=\"Badenes Almendral_P\u00e1gina_1\" width=\"212\" height=\"300\" \/><\/a><a href=\"https:\/\/democraciaactiva.eu\/wp-content\/uploads\/2014\/08\/Badenes-Almendral_P\u00e1gina_2.jpg\"><img decoding=\"async\" loading=\"lazy\" class=\"aligncenter size-medium wp-image-378\" src=\"https:\/\/democraciaactiva.eu\/wp-content\/uploads\/2014\/08\/Badenes-Almendral_P\u00e1gina_2-212x300.jpg\" alt=\"Badenes Almendral_P\u00e1gina_2\" width=\"212\" height=\"300\" \/><\/a>O preguntamos por qu\u00e9 construyen barreras en los espacios p\u00fablicos&#8230;<a href=\"https:\/\/democraciaactiva.eu\/wp-content\/uploads\/2014\/08\/Barreras-1_P\u00e1gina_1.jpg\"><img decoding=\"async\" loading=\"lazy\" class=\"aligncenter size-medium wp-image-386\" src=\"https:\/\/democraciaactiva.eu\/wp-content\/uploads\/2014\/08\/Barreras-1_P\u00e1gina_1-212x300.jpg\" alt=\"Barreras 1_P\u00e1gina_1\" width=\"212\" height=\"300\" \/><\/a><a href=\"https:\/\/democraciaactiva.eu\/wp-content\/uploads\/2014\/08\/Barreras-1_P\u00e1gina_2.jpg\"><img decoding=\"async\" loading=\"lazy\" class=\"aligncenter size-medium wp-image-387\" src=\"https:\/\/democraciaactiva.eu\/wp-content\/uploads\/2014\/08\/Barreras-1_P\u00e1gina_2-212x300.jpg\" alt=\"Barreras 1_P\u00e1gina_2\" width=\"212\" height=\"300\" \/><\/a><br \/>\nO hasta podemos preguntar por qu\u00e9 un motorista puede atropellar a una menor en plena calle y ni tiene que llevar ITV, ni pasar prueba de alcoholemia, y como si va al doble de la velocidad permitida, todos tan contentos&#8230;<a href=\"https:\/\/democraciaactiva.eu\/wp-content\/uploads\/2014\/08\/Motos.jpg\"><img decoding=\"async\" loading=\"lazy\" class=\"aligncenter size-medium wp-image-382\" src=\"https:\/\/democraciaactiva.eu\/wp-content\/uploads\/2014\/08\/Motos-212x300.jpg\" alt=\"Motos\" width=\"212\" height=\"300\" \/><\/a><\/p>\n<p><strong>Todas cuestiones muy sencillitas, para la sobrada preparaci\u00f3n de quienes cobran 40 mil euros anuales<\/strong> (s\u00ed, casi 3 mil euros mensuales m\u00e1s sus dos pagas extras) para atendernos, y nada que no pueda pedir un simple ciudadano a t\u00edtulo individual.<\/p>\n<p>En total desde Julio de 2.013 que comenzamos nuestra actividad <strong>hemos remitido a este Ayuntamiento 108 escritos en un a\u00f1o<\/strong>, con lo que sale una media de 2 por semana aproximadamente&#8230; \u00bfy somos un problema?, \u00bfqu\u00e9 ocurrir\u00eda entonces si como parece nos quieren obligar tuvieramos que presentar las peticiones individualmente?, \u00bfquieren recibir 40 veces m\u00e1s escritos porque no aceptan representaci\u00f3n?&#8230;. Tenemos poco presupuesto, pero para el papel nos llega&#8230; as\u00ed que igual si siguen por ese camino deber\u00edan ir comprando\u00a0 tinta para que no les falte a los sellos&#8230;.<\/p>\n<p><strong>Mejor d\u00e9jense de ver enemigos inexistentes, contesten a las peticiones ciudadanas cumpliendo las normativas del mismo modo que las exigen a los ciudadanos, y de paso dejen de tirar nuestros impuestos en sus batallitas.<\/strong> <\/p>\n","protected":false},"excerpt":{"rendered":"<div class=\"mh-excerpt\"><p>&nbsp; En vista del peligro que seg\u00fan el Sr. Alcalde del Ayuntamiento de San Roque representamos para la instituci\u00f3n que preside, recordamos algunas de las <a class=\"mh-excerpt-more\" href=\"https:\/\/democraciaactiva.eu\/?p=371\" title=\"Asociaciones peligrosas\">[&#8230;]<\/a><\/p>\n<\/div>","protected":false},"author":1,"featured_media":0,"comment_status":"open","ping_status":"open","sticky":false,"template":"","format":"standard","meta":[],"categories":[5,12],"tags":[],"_links":{"self":[{"href":"https:\/\/democraciaactiva.eu\/index.php?rest_route=\/wp\/v2\/posts\/371"}],"collection":[{"href":"https:\/\/democraciaactiva.eu\/index.php?rest_route=\/wp\/v2\/posts"}],"about":[{"href":"https:\/\/democraciaactiva.eu\/index.php?rest_route=\/wp\/v2\/types\/post"}],"author":[{"embeddable":true,"href":"https:\/\/democraciaactiva.eu\/index.php?rest_route=\/wp\/v2\/users\/1"}],"replies":[{"embeddable":true,"href":"https:\/\/democraciaactiva.eu\/index.php?rest_route=%2Fwp%2Fv2%2Fcomments&post=371"}],"version-history":[{"count":0,"href":"https:\/\/democraciaactiva.eu\/index.php?rest_route=\/wp\/v2\/posts\/371\/revisions"}],"wp:attachment":[{"href":"https:\/\/democraciaactiva.eu\/index.php?rest_route=%2Fwp%2Fv2%2Fmedia&parent=371"}],"wp:term":[{"taxonomy":"category","embeddable":true,"href":"https:\/\/democraciaactiva.eu\/index.php?rest_route=%2Fwp%2Fv2%2Fcategories&post=371"},{"taxonomy":"post_tag","embeddable":true,"href":"https:\/\/democraciaactiva.eu\/index.php?rest_route=%2Fwp%2Fv2%2Ftags&post=371"}],"curies":[{"name":"wp","href":"https:\/\/api.w.org\/{rel}","templated":true}]}}