{"id":367,"date":"2014-08-04T06:20:46","date_gmt":"2014-08-04T05:20:46","guid":{"rendered":"http:\/\/democraciaactiva.eu\/?p=367"},"modified":"2014-08-04T06:20:46","modified_gmt":"2014-08-04T05:20:46","slug":"dca-consulta-el-estado-de-la-calle-cabo-finisterre-en-algeciras","status":"publish","type":"post","link":"https:\/\/democraciaactiva.eu\/?p=367","title":{"rendered":"DCA consulta el estado de la Calle Cabo Finisterre en Algeciras"},"content":{"rendered":"<p><strong>Desde el pasado 15 de Julio se mantiene el alumbrado apagado.<\/strong><\/p>\n<p>La Asociaci\u00f3n Defensa Ciudadana Activa consultar\u00e1 al Ayuntamiento de Algeciras sobre la situaci\u00f3n de la calle Cabo Finisterre, en la barriada de El Rinconcillo, debido al \u201capag\u00f3n\u201d que ha sufrido el alumbrado viario desde el pasado 15 de Julio.<\/p>\n<p>Al parecer el coste del alumbrado viario ven\u00eda siendo sufragado por una comunidad de vecinos que ha decidido dejar de hacerlo. De este modo, mientras el Ayuntamiento no asuma este servicio en la zona tienen una total oscuridad al llegar la noche, siendo una calle bastante transitada.<\/p>\n<p>\u201cNo entendemos cu\u00e1l es el problema, debido a la antig\u00fcedad de la calle y la situaci\u00f3n urban\u00edstica de las viviendas, que parecen contar todas con licencia de primera ocupaci\u00f3n, por lo que el Ayuntamiento debe ser el responsable del viario p\u00fablico.\u201d, critic\u00f3 el colectivo.<\/p>\n<p>El tramo afectado, de unos 150 metros, provoca adem\u00e1s de problemas de circulaci\u00f3n tambi\u00e9n de seguridad, ya que en otras ocasiones se han sufrido distintos robos durante apagones temporales.<\/p>\n<p>Por ello, desde DCA <strong>se instar\u00e1 al Ayuntamiento a \u201cexplicar cu\u00e1l es la situaci\u00f3n, porque si es una zona urbanizada deben asumir los servicios p\u00fablicos, y si no lo es no deben cobrarles el IBI que ingresan cada a\u00f1o por esas viviendas.<\/strong> Con el dinero de esos impuestos seguro que los vecinos no tendr\u00edan problemas en costearse su propio alumbrado, pero no se debe exprimir a impuestos a los ciudadanos para acto seguido negarles los servicios p\u00fablicos b\u00e1sicos como el alumbrado de su zona.\u201d, denunciaron.<\/p>\n<p><a href=\"https:\/\/democraciaactiva.eu\/wp-content\/uploads\/2014\/08\/Foto-1.jpg\"><img decoding=\"async\" loading=\"lazy\" class=\"aligncenter size-medium wp-image-368\" src=\"https:\/\/democraciaactiva.eu\/wp-content\/uploads\/2014\/08\/Foto-1-300x225.jpg\" alt=\"Foto 1\" width=\"300\" height=\"225\" \/><\/a> <\/p>\n","protected":false},"excerpt":{"rendered":"<div class=\"mh-excerpt\"><p>Desde el pasado 15 de Julio se mantiene el alumbrado apagado. La Asociaci\u00f3n Defensa Ciudadana Activa consultar\u00e1 al Ayuntamiento de Algeciras sobre la situaci\u00f3n de <a class=\"mh-excerpt-more\" href=\"https:\/\/democraciaactiva.eu\/?p=367\" title=\"DCA consulta el estado de la Calle Cabo Finisterre en Algeciras\">[&#8230;]<\/a><\/p>\n<\/div>","protected":false},"author":1,"featured_media":0,"comment_status":"open","ping_status":"open","sticky":false,"template":"","format":"standard","meta":[],"categories":[12],"tags":[],"_links":{"self":[{"href":"https:\/\/democraciaactiva.eu\/index.php?rest_route=\/wp\/v2\/posts\/367"}],"collection":[{"href":"https:\/\/democraciaactiva.eu\/index.php?rest_route=\/wp\/v2\/posts"}],"about":[{"href":"https:\/\/democraciaactiva.eu\/index.php?rest_route=\/wp\/v2\/types\/post"}],"author":[{"embeddable":true,"href":"https:\/\/democraciaactiva.eu\/index.php?rest_route=\/wp\/v2\/users\/1"}],"replies":[{"embeddable":true,"href":"https:\/\/democraciaactiva.eu\/index.php?rest_route=%2Fwp%2Fv2%2Fcomments&post=367"}],"version-history":[{"count":0,"href":"https:\/\/democraciaactiva.eu\/index.php?rest_route=\/wp\/v2\/posts\/367\/revisions"}],"wp:attachment":[{"href":"https:\/\/democraciaactiva.eu\/index.php?rest_route=%2Fwp%2Fv2%2Fmedia&parent=367"}],"wp:term":[{"taxonomy":"category","embeddable":true,"href":"https:\/\/democraciaactiva.eu\/index.php?rest_route=%2Fwp%2Fv2%2Fcategories&post=367"},{"taxonomy":"post_tag","embeddable":true,"href":"https:\/\/democraciaactiva.eu\/index.php?rest_route=%2Fwp%2Fv2%2Ftags&post=367"}],"curies":[{"name":"wp","href":"https:\/\/api.w.org\/{rel}","templated":true}]}}