{"id":361,"date":"2014-08-03T16:40:31","date_gmt":"2014-08-03T15:40:31","guid":{"rendered":"http:\/\/democraciaactiva.eu\/?p=361"},"modified":"2014-08-03T16:40:31","modified_gmt":"2014-08-03T15:40:31","slug":"el-alcalde-de-san-roque-deja-clara-su-oposicion-a-la-actividad-de-dca","status":"publish","type":"post","link":"https:\/\/democraciaactiva.eu\/?p=361","title":{"rendered":"El Alcalde de San Roque deja clara su oposici\u00f3n a la actividad de DCA"},"content":{"rendered":"<p>&nbsp;<\/p>\n<p>Pocas veces ha podido estar m\u00e1s clara la actitud de <strong>un supuesto representante p\u00fablico contra los ciudadanos<\/strong>. En esta ocasi\u00f3n el Alcalde de San Roque desvel\u00f3 en el pasado pleno del mes de Junio que pidi\u00f3 ayuda a la oposici\u00f3n para un \u00abproblema\u00bb que seg\u00fan \u00e9l supone la Asociaci\u00f3n Defensa Ciudadana Activa. De todos es conocida la alergia que suelen tener los cargos p\u00fablicos a dar explicaciones, y \u00e9ste particularmente no parece haber encontrado otra cura que destinar medios p\u00fablicos para frenar las peticiones ciudadanas. Evidentemente no sabe lo que le espera por ese camino&#8230;<\/p>\n<p>Dejamos nota de prensa publicada hoy as\u00ed como una p\u00e1gina del acta donde el regidor nos demuestra su alergia a la transparencia y participaci\u00f3n ciudadana.<\/p>\n<figure id=\"attachment_363\" aria-describedby=\"caption-attachment-363\" style=\"width: 450px\" class=\"wp-caption aligncenter\"><a href=\"https:\/\/democraciaactiva.eu\/wp-content\/uploads\/2014\/08\/Faro-3-Agosto.jpg\"><img decoding=\"async\" loading=\"lazy\" class=\"wp-image-363 size-large\" src=\"https:\/\/democraciaactiva.eu\/wp-content\/uploads\/2014\/08\/Faro-3-Agosto-711x1024.jpg\" alt=\"\" width=\"450\" height=\"648\" \/><\/a><figcaption id=\"caption-attachment-363\" class=\"wp-caption-text\">Noticia de El Faro Informaci\u00f3n 3 de Agosto de 2.014<\/figcaption><\/figure>\n<figure id=\"attachment_362\" aria-describedby=\"caption-attachment-362\" style=\"width: 450px\" class=\"wp-caption aligncenter\"><a href=\"https:\/\/democraciaactiva.eu\/wp-content\/uploads\/2014\/08\/Acta-pleno-pag-42_P\u00e1gina_2.jpg\"><img decoding=\"async\" loading=\"lazy\" class=\"wp-image-362 size-large\" src=\"https:\/\/democraciaactiva.eu\/wp-content\/uploads\/2014\/08\/Acta-pleno-pag-42_P\u00e1gina_2-723x1024.jpg\" alt=\"Acta Pleno 29 de Junio de 2.014\" width=\"450\" height=\"637\" \/><\/a><figcaption id=\"caption-attachment-362\" class=\"wp-caption-text\">Acta Pleno 29 de Junio de 2.014<\/figcaption><\/figure>\n<p>&nbsp; <\/p>\n","protected":false},"excerpt":{"rendered":"<div class=\"mh-excerpt\"><p>&nbsp; Pocas veces ha podido estar m\u00e1s clara la actitud de un supuesto representante p\u00fablico contra los ciudadanos. En esta ocasi\u00f3n el Alcalde de San <a class=\"mh-excerpt-more\" href=\"https:\/\/democraciaactiva.eu\/?p=361\" title=\"El Alcalde de San Roque deja clara su oposici\u00f3n a la actividad de DCA\">[&#8230;]<\/a><\/p>\n<\/div>","protected":false},"author":1,"featured_media":0,"comment_status":"open","ping_status":"open","sticky":false,"template":"","format":"standard","meta":[],"categories":[5,8],"tags":[],"_links":{"self":[{"href":"https:\/\/democraciaactiva.eu\/index.php?rest_route=\/wp\/v2\/posts\/361"}],"collection":[{"href":"https:\/\/democraciaactiva.eu\/index.php?rest_route=\/wp\/v2\/posts"}],"about":[{"href":"https:\/\/democraciaactiva.eu\/index.php?rest_route=\/wp\/v2\/types\/post"}],"author":[{"embeddable":true,"href":"https:\/\/democraciaactiva.eu\/index.php?rest_route=\/wp\/v2\/users\/1"}],"replies":[{"embeddable":true,"href":"https:\/\/democraciaactiva.eu\/index.php?rest_route=%2Fwp%2Fv2%2Fcomments&post=361"}],"version-history":[{"count":0,"href":"https:\/\/democraciaactiva.eu\/index.php?rest_route=\/wp\/v2\/posts\/361\/revisions"}],"wp:attachment":[{"href":"https:\/\/democraciaactiva.eu\/index.php?rest_route=%2Fwp%2Fv2%2Fmedia&parent=361"}],"wp:term":[{"taxonomy":"category","embeddable":true,"href":"https:\/\/democraciaactiva.eu\/index.php?rest_route=%2Fwp%2Fv2%2Fcategories&post=361"},{"taxonomy":"post_tag","embeddable":true,"href":"https:\/\/democraciaactiva.eu\/index.php?rest_route=%2Fwp%2Fv2%2Ftags&post=361"}],"curies":[{"name":"wp","href":"https:\/\/api.w.org\/{rel}","templated":true}]}}