{"id":352,"date":"2014-07-20T20:00:04","date_gmt":"2014-07-20T19:00:04","guid":{"rendered":"http:\/\/democraciaactiva.eu\/?p=352"},"modified":"2014-07-20T20:00:04","modified_gmt":"2014-07-20T19:00:04","slug":"la-guardia-civil-considera-del-circulo-personal-y-privado-actos-oficiales-con-300-invitados","status":"publish","type":"post","link":"https:\/\/democraciaactiva.eu\/?p=352","title":{"rendered":"La Guardia Civil considera \u201cdel c\u00edrculo personal y privado\u201d actos oficiales con 300 invitados."},"content":{"rendered":"<p>La Direcci\u00f3n General de la Guardia Civil ha remitido a la Asociaci\u00f3n Defensa Ciudadana Activa, as\u00ed como a la oficina del Defensor del Pueblo, su respuesta ante la posible infracci\u00f3n normativa de los actos celebrados el pasado 24 de marzo en la Comandancia de la Guardia Civil de C\u00e1diz.<\/p>\n<p>Estos actos, que <strong>reunieron a distintas autoridades de la provincia, con casi 300 invitados, desplegando un dispositivo especial de seguridad para cubrir desde la propia Comandancia, los desplazamientos desde el Aeropuerto de Jerez, hasta el lugar de celebraci\u00f3n tras los mismos en \u201cEl Baluarte de los M\u00e1rtires\u201d<\/strong>, tuvieron lugar durante el luto oficial publicado en el BOE mediante Real Decreto 208\/2014.<\/p>\n<p>Por ello, AUGC en primer lugar, y otros colectivos como Defensa Ciudadana Activa, criticaron lo que consideraron una <strong>\u00abevidente falta de respeto institucional\u201d<\/strong>.<\/p>\n<p>\u201cEs comprensible que los actos estuvieran programados y su anulaci\u00f3n o retraso tuviera unos inconvenientes, pero seg\u00fan el art. 3.2 del Real Decreto 684\/2.010 en periodo de luto nacional no se rendir\u00e1n honores salvo los f\u00fanebres, y para la ciudadan\u00eda no resulta f\u00e1cil entender que una celebraci\u00f3n con convite de 300 invitados no lo sea.\u201d, criticaron.<\/p>\n<p>Ante la respuesta de la Direcci\u00f3n General de la Guardia Civil, que considera, textualmente, el acto como <strong>\u201cenmarcado dentro del c\u00edrculo personal y privado del propio General, y carente de car\u00e1cter p\u00fablico.\u201d<\/strong>, DCA ha pedido una aclaraci\u00f3n sobre el concepto de \u201cpersonal, privado y carente de car\u00e1cter p\u00fablico.\u201d<\/p>\n<p>Adem\u00e1s de esta aclaraci\u00f3n, DCA ha insistido en su petici\u00f3n de conocer <strong>\u00absi el coste del despliegue ocasionado por este acto fue sufragado tambi\u00e9n con fondos personales, privados y carentes de car\u00e1cter p\u00fablico, o por el contrario lo pagamos todos los ciudadanos\u00bb.<\/strong><\/p>\n<p>\u201cAl acto asistieron m\u00e1s de 300 invitados, incluyendo autoridades de todo tipo como la propia Alcaldesa de la ciudad, se despleg\u00f3 un amplio dispositivo de seguridad mediante orden de servicio espec\u00edfica donde se detallaba desde los uniformes, horarios, zonas donde se desarrollar\u00edan los actos (calificados de actos oficiales en la propia orden) desde las 13 horas hasta su finalizaci\u00f3n con una copa de vino en El Baluarte de los M\u00e1rtires, en C\u00e1diz.\u201d, informaron.<a href=\"https:\/\/democraciaactiva.eu\/wp-content\/uploads\/2014\/07\/E14164.jpg\"><img decoding=\"async\" loading=\"lazy\" class=\"aligncenter size-medium wp-image-354\" src=\"https:\/\/democraciaactiva.eu\/wp-content\/uploads\/2014\/07\/E14164-212x300.jpg\" alt=\"E14164\" width=\"212\" height=\"300\" \/><\/a> <\/p>\n","protected":false},"excerpt":{"rendered":"<div class=\"mh-excerpt\"><p>La Direcci\u00f3n General de la Guardia Civil ha remitido a la Asociaci\u00f3n Defensa Ciudadana Activa, as\u00ed como a la oficina del Defensor del Pueblo, su <a class=\"mh-excerpt-more\" href=\"https:\/\/democraciaactiva.eu\/?p=352\" title=\"La Guardia Civil considera \u201cdel c\u00edrculo personal y privado\u201d actos oficiales con 300 invitados.\">[&#8230;]<\/a><\/p>\n<\/div>","protected":false},"author":1,"featured_media":0,"comment_status":"open","ping_status":"open","sticky":false,"template":"","format":"standard","meta":[],"categories":[12],"tags":[],"_links":{"self":[{"href":"https:\/\/democraciaactiva.eu\/index.php?rest_route=\/wp\/v2\/posts\/352"}],"collection":[{"href":"https:\/\/democraciaactiva.eu\/index.php?rest_route=\/wp\/v2\/posts"}],"about":[{"href":"https:\/\/democraciaactiva.eu\/index.php?rest_route=\/wp\/v2\/types\/post"}],"author":[{"embeddable":true,"href":"https:\/\/democraciaactiva.eu\/index.php?rest_route=\/wp\/v2\/users\/1"}],"replies":[{"embeddable":true,"href":"https:\/\/democraciaactiva.eu\/index.php?rest_route=%2Fwp%2Fv2%2Fcomments&post=352"}],"version-history":[{"count":0,"href":"https:\/\/democraciaactiva.eu\/index.php?rest_route=\/wp\/v2\/posts\/352\/revisions"}],"wp:attachment":[{"href":"https:\/\/democraciaactiva.eu\/index.php?rest_route=%2Fwp%2Fv2%2Fmedia&parent=352"}],"wp:term":[{"taxonomy":"category","embeddable":true,"href":"https:\/\/democraciaactiva.eu\/index.php?rest_route=%2Fwp%2Fv2%2Fcategories&post=352"},{"taxonomy":"post_tag","embeddable":true,"href":"https:\/\/democraciaactiva.eu\/index.php?rest_route=%2Fwp%2Fv2%2Ftags&post=352"}],"curies":[{"name":"wp","href":"https:\/\/api.w.org\/{rel}","templated":true}]}}