{"id":349,"date":"2014-07-19T18:58:18","date_gmt":"2014-07-19T17:58:18","guid":{"rendered":"http:\/\/democraciaactiva.eu\/?p=349"},"modified":"2014-07-19T18:58:18","modified_gmt":"2014-07-19T17:58:18","slug":"dca-pide-plenos-accesibles-en-san-roque","status":"publish","type":"post","link":"https:\/\/democraciaactiva.eu\/?p=349","title":{"rendered":"DCA pide plenos accesibles en San Roque"},"content":{"rendered":"<p>La Asociaci\u00f3n Defensa Ciudadana Activa ha solicitado a la Alcald\u00eda de San Roque las <strong>\u00abcausas de fuerza mayor\u00bb<\/strong> por las que las sesiones plenarias vienen celebr\u00e1ndose fuera de la Casa Consistorial.<\/p>\n<p>El motivo de esta consulta se debe a que, aunque al parecer tiempo atr\u00e1s se celebraron Plenos del Ayuntamiento en el edificio ocupado por el Consistorio, por motivos que se desconocen se comenzaron a celebrar en otro edificio que <strong>\u00abno re\u00fane los requisitos m\u00ednimos de accesibilidad para considerar las sesiones plenarias realmente p\u00fablicas<\/strong>\u00ab, informaron.<a href=\"https:\/\/democraciaactiva.eu\/wp-content\/uploads\/2014\/07\/Barreras-San-Roque-3.jpg\"><img decoding=\"async\" loading=\"lazy\" class=\"aligncenter size-medium wp-image-350\" src=\"https:\/\/democraciaactiva.eu\/wp-content\/uploads\/2014\/07\/Barreras-San-Roque-3-225x300.jpg\" alt=\"Acceso Plenos San Roque\" width=\"225\" height=\"300\" \/><\/a><\/p>\n<p>El edificio en cuesti\u00f3n cuenta con varios escalones para acceder a un patio interior, desde el cual se debe subir una escalera para llevar a la sala donde se celebran las sesiones plenarias, sin que exista ascensor. Por ello, DCA considera il\u00f3gico que se vengan celebrando las sesiones en dicho lugar, adem\u00e1s de contravenir la legislaci\u00f3n vigente, comenzando por el propio Reglamento Org\u00e1nico Municipal.<\/p>\n<p>En este sentido DCA record\u00f3 que el Reglamento Org\u00e1nico del Ayuntamiento de San Roque establece en su art\u00edculo 44 que <strong>\u00abel Pleno celebrar\u00e1 sus sesiones en la Casa Consistorial, salvo en los supuestos de fuerza mayor en los que, a trav\u00e9s de la convocatoria o de una resoluci\u00f3n del Alcalde-Presidente dictada previamente y notificada a todos los miembros de la Corporaci\u00f3n, podr\u00e1 habilitarse otro edificio o local a tal efecto. En todo caso, se har\u00e1 constar en acta esta circunstancia.\u00bb<\/strong><\/p>\n<p>Por ello desde Defensa Ciudadana Activa <strong>se han solicitado las causas de fuerza mayor que han obligado a la celebraci\u00f3n de los plenos fuera de la Casa Consistorial<\/strong>, donde existen multitud de salas que s\u00ed ser\u00edan accesibles.<\/p>\n<p>\u00abAunque se hubieran dado estas causas de fuerza mayor, que no parecen haber sido reflejadas en las correspondientes actas, dudamos que hoy en d\u00eda permanezcan, por lo que solicitamos el cumplimiento de la normativa vigente y la celebraci\u00f3n de los plenos en lugar accesible, dentro de la Casa Consistorial.\u00bb, finalizaron. <\/p>\n","protected":false},"excerpt":{"rendered":"<div class=\"mh-excerpt\"><p>La Asociaci\u00f3n Defensa Ciudadana Activa ha solicitado a la Alcald\u00eda de San Roque las \u00abcausas de fuerza mayor\u00bb por las que las sesiones plenarias vienen <a class=\"mh-excerpt-more\" href=\"https:\/\/democraciaactiva.eu\/?p=349\" title=\"DCA pide plenos accesibles en San Roque\">[&#8230;]<\/a><\/p>\n<\/div>","protected":false},"author":1,"featured_media":0,"comment_status":"open","ping_status":"open","sticky":false,"template":"","format":"standard","meta":[],"categories":[3,5],"tags":[],"_links":{"self":[{"href":"https:\/\/democraciaactiva.eu\/index.php?rest_route=\/wp\/v2\/posts\/349"}],"collection":[{"href":"https:\/\/democraciaactiva.eu\/index.php?rest_route=\/wp\/v2\/posts"}],"about":[{"href":"https:\/\/democraciaactiva.eu\/index.php?rest_route=\/wp\/v2\/types\/post"}],"author":[{"embeddable":true,"href":"https:\/\/democraciaactiva.eu\/index.php?rest_route=\/wp\/v2\/users\/1"}],"replies":[{"embeddable":true,"href":"https:\/\/democraciaactiva.eu\/index.php?rest_route=%2Fwp%2Fv2%2Fcomments&post=349"}],"version-history":[{"count":0,"href":"https:\/\/democraciaactiva.eu\/index.php?rest_route=\/wp\/v2\/posts\/349\/revisions"}],"wp:attachment":[{"href":"https:\/\/democraciaactiva.eu\/index.php?rest_route=%2Fwp%2Fv2%2Fmedia&parent=349"}],"wp:term":[{"taxonomy":"category","embeddable":true,"href":"https:\/\/democraciaactiva.eu\/index.php?rest_route=%2Fwp%2Fv2%2Fcategories&post=349"},{"taxonomy":"post_tag","embeddable":true,"href":"https:\/\/democraciaactiva.eu\/index.php?rest_route=%2Fwp%2Fv2%2Ftags&post=349"}],"curies":[{"name":"wp","href":"https:\/\/api.w.org\/{rel}","templated":true}]}}