{"id":336,"date":"2014-07-18T17:48:45","date_gmt":"2014-07-18T16:48:45","guid":{"rendered":"http:\/\/democraciaactiva.eu\/?p=336"},"modified":"2014-07-18T17:48:45","modified_gmt":"2014-07-18T16:48:45","slug":"puerto-sotogrande-sera-inaccesible-hasta-2-019","status":"publish","type":"post","link":"https:\/\/democraciaactiva.eu\/?p=336","title":{"rendered":"Puerto Sotogrande ser\u00e1 inaccesible hasta 2.019"},"content":{"rendered":"<p>Es lo que se entiende de la nota de prensa que leemos \u00abjustificando\u00bb la instalaci\u00f3n de obst\u00e1culos en lo que suponen es una \u00abzona ajardinada\u00bb. Mientras la zona del Puerto de Sotogrande dispone de plazas reservadas para discapacitados en suficiente n\u00famero e incluso bien ubicadas, una vez bajan del veh\u00edculo puede ser imposible moverse, seg\u00fan cu\u00e1l sea nuestro destino.<\/p>\n<p>Por ello distintos colectivos se han quejado del problema que supone, <a title=\"Justificaci\u00f3n de Sotogrande\" href=\"http:\/\/www.sotograndedigital.com\/2014\/07\/sotogrande-sa-detalla-su-cumplimiento-con-la-normativa-en-la-instalacion-de-los-bolardos-de-la-avenida-de-la-marina\/\" target=\"_blank\">alegando la entidad responsable<\/a> que, \u00abseg\u00fan la Disposici\u00f3n Final Primera del Decreto 293\/2009 de 7 de julio, por el que se aprueba el Reglamento que regula las normas para la accesibilidad de las infraestructuras, el urbanismo, la edificaci\u00f3n y el transporte en Andaluc\u00eda, en lo concerniente al calendario de la aplicaci\u00f3n de las instalaciones existentes con anterioridad a la entrada en vigor del citado Reglamento, \u00e9stas no ser\u00e1n obligatorias hasta el d\u00eda 1 de enero de 2019, para todas aquellas infraestructuras, espacios libres y viales, edificios, establecimientos o instalaciones <em><strong>existentes<\/strong><\/em>, ya sean de titularidad p\u00fablica o privadas, que sean susceptibles de ajustes razonables.\u00bb<\/p>\n<p>Resaltamos la palabra existentes porque actualmente se est\u00e1n instalando m\u00e1s barreras, por lo que debe ser que han entendido que si en las zonas urbanizadas se pueden colocar cuantas quieran hasta esa fech. Y ya mejor ni preguntar qu\u00e9 han entendido por lo de \u00absusceptibles de ajustes razonables\u00bb&#8230;.<\/p>\n<p>Pero volviendo al experimento realizado estos d\u00edas, durante los meses de julio y agosto las plazas de discapacitados no estar\u00e1n disponibles porque el Puerto se cierra a partir de las 11 horas salvo para residentes y trabajadores. A partir de esa hora existe un espacio habilitado que hemos se\u00f1alado como \u00abZona A\u00bb para estacionar quienes quieran entrar a las instalaciones&#8230; pero&#8230; ups&#8230; se les olvid\u00f3 reservar una s\u00f3la plaza para discapacitados all\u00ed&#8230;<a href=\"https:\/\/democraciaactiva.eu\/wp-content\/uploads\/2014\/07\/Croquis-Puerto.jpg\"><img decoding=\"async\" loading=\"lazy\" class=\"aligncenter size-medium wp-image-337\" src=\"https:\/\/democraciaactiva.eu\/wp-content\/uploads\/2014\/07\/Croquis-Puerto-300x154.jpg\" alt=\"Croquis Puerto\" width=\"300\" height=\"154\" \/><\/a><\/p>\n<p>No importa, hay sitio suficiente, as\u00ed que si aparcamos all\u00ed podemos bajar y hacer el trayecto a nuestro destino, en el ejemplo las oficinas de Sotogrande\u00a0 (marcado como Zona B) justo en los primeros edificios. La ruta marcada en rojo es la \u00fanica por la que podemos entrar en silla de ruedas (y te\u00f3ricamente tambi\u00e9n andando), y nos hace dar un rodeo para alcanzar un paso de peatones pero&#8230; ups&#8230; para llegar a \u00e9l hay que cruzar cesped, zona ajardinada que al parecer no es transitable y justifica que la cierren con horquillas&#8230; \u00bfen qu\u00e9 quedamos?, \u00bfpodemos pisar el cesped o tenemos pasos de peatones que no van a ninguna parte?<\/p>\n<p><a href=\"https:\/\/democraciaactiva.eu\/wp-content\/uploads\/2014\/07\/Marca-Peatonal-7.jpg\"><img decoding=\"async\" loading=\"lazy\" class=\"aligncenter size-medium wp-image-339\" src=\"https:\/\/democraciaactiva.eu\/wp-content\/uploads\/2014\/07\/Marca-Peatonal-7-300x225.jpg\" alt=\"Marca Peatonal 7\" width=\"300\" height=\"225\" \/><\/a><\/p>\n<p>Descartada esa v\u00eda, volvemos a mirar hacia nuestro destino y&#8230; m\u00e1s all\u00e1 de los bolardos, horquillas, o como quieran llamarles ahora&#8230; \u00bfqu\u00e9 vemos?&#8230; casi un circuito de carreras. A ver qui\u00e9n cruza el primero sin que lo atropellen&#8230;<br \/>\n<a href=\"https:\/\/democraciaactiva.eu\/wp-content\/uploads\/2014\/07\/Marca-Peatonal-6.jpg\"><img decoding=\"async\" loading=\"lazy\" class=\"aligncenter size-medium wp-image-340\" src=\"https:\/\/democraciaactiva.eu\/wp-content\/uploads\/2014\/07\/Marca-Peatonal-6-300x225.jpg\" alt=\"Marca Peatonal 6\" width=\"300\" height=\"225\" \/><\/a><\/p>\n<p>Una vez sorteadas las horquillas, cuando hemos esquivado unos cuantos coches, avanzamos unas cuantas isletas (sin subir, que el cesped no se puede estropear), y vemos lo que parece el inicio de un paso peatonal&#8230; qu\u00e9 ilusi\u00f3n, si hasta lo han se\u00f1alado en blanco para que no nos perdamos&#8230; qu\u00e9 mal pensados&#8230; en cuanto haces la mitad del camino entre los coches\u00a0ya alcanzas la zona accesible&#8230; \u00bfo no?<br \/>\n<a href=\"https:\/\/democraciaactiva.eu\/wp-content\/uploads\/2014\/07\/Marca-Peatonal-5.jpg\"><img decoding=\"async\" loading=\"lazy\" class=\"aligncenter size-medium wp-image-341\" src=\"https:\/\/democraciaactiva.eu\/wp-content\/uploads\/2014\/07\/Marca-Peatonal-5-300x225.jpg\" alt=\"Marca Peatonal 5\" width=\"300\" height=\"225\" \/><\/a><\/p>\n<p>Pues va a ser que no, porque aunque han hecho un esfuerzo tit\u00e1nico y hasta han quitado el bordillito para facilitar la salida&#8230; llenar el camino de piedras, por muy blanquitas que sean, como que no hacen que se ruede muy bien&#8230; mejor seguimos jug\u00e1ndonosla con los coches. Por favor, por muy bonito que sea el blanco, otro d\u00eda no pongan tantas \u00abpiedrecitas\u00bb en nuestro camino&#8230;<br \/>\n<a href=\"https:\/\/democraciaactiva.eu\/wp-content\/uploads\/2014\/07\/Marca-Peatonal-3.jpg\"><img decoding=\"async\" loading=\"lazy\" class=\"aligncenter size-medium wp-image-342\" src=\"https:\/\/democraciaactiva.eu\/wp-content\/uploads\/2014\/07\/Marca-Peatonal-3-300x225.jpg\" alt=\"Marca Peatonal 3\" width=\"300\" height=\"225\" \/><\/a><br \/>\nNo importa, seguimos por la calzada, con cuidado de no pisar el cesped sobre todo porque nos podemos hundir que hay cada hueco&#8230; y cuando casi estamos en las vallas de entrada&#8230; ups&#8230; tambi\u00e9n est\u00e1 prohibido que entren peatones&#8230; y yo que me dej\u00e9 el helic\u00f3ptero en casa&#8230;<\/p>\n<p><a href=\"https:\/\/democraciaactiva.eu\/wp-content\/uploads\/2014\/07\/Marca-Peatonal-2.jpg\"><img decoding=\"async\" loading=\"lazy\" class=\"aligncenter size-medium wp-image-343\" src=\"https:\/\/democraciaactiva.eu\/wp-content\/uploads\/2014\/07\/Marca-Peatonal-2-300x225.jpg\" alt=\"Marca Peatonal 2\" width=\"300\" height=\"225\" \/><\/a><\/p>\n<p>A\u00fan as\u00ed, miramos para otro lado, pasamos entre las barreras, y conseguimos llegar casi a nuestro destino, las oficinas de Sotogrande&#8230; siempre sin pisar una s\u00f3la acera, m\u00e1s que nada porque no existen. \u00bfLo conseguiremos?&#8230; no nos lo iban a poner tan f\u00e1cil, ahora podemos elegir entre pasar los escalones de cesped o sortear los conos, que tambi\u00e9n es mala suerte que nos hayan tocado reformas&#8230;<br \/>\nY por si los pasamos, ojito&#8230; \u00bfc\u00f3mo se salva el desnivel entre ese lado y la puerta de las oficinas?&#8230; \u00bfhabr\u00e1n puesto una rampa?&#8230; ahhh&#8230;<br \/>\n<a href=\"https:\/\/democraciaactiva.eu\/wp-content\/uploads\/2014\/07\/Marca-Peatonal-1.jpg\"><img decoding=\"async\" loading=\"lazy\" class=\"aligncenter size-medium wp-image-344\" src=\"https:\/\/democraciaactiva.eu\/wp-content\/uploads\/2014\/07\/Marca-Peatonal-1-300x225.jpg\" alt=\"Marca Peatonal 1\" width=\"300\" height=\"225\" \/><\/a><\/p>\n<p>Vale, entendido, hasta 2.019 ya sabemos que no entienden que sea obligatorio cumplir las normas de accesibilidad en sus modernas instalaciones \u00absusceptibles de ajustes razonables\u00bb&#8230; \u00a1pero podr\u00edan ir empezando! Que a este paso necesitar\u00e1n una d\u00e9cada para ponerse al d\u00eda. <\/p>\n","protected":false},"excerpt":{"rendered":"<div class=\"mh-excerpt\"><p>Es lo que se entiende de la nota de prensa que leemos \u00abjustificando\u00bb la instalaci\u00f3n de obst\u00e1culos en lo que suponen es una \u00abzona ajardinada\u00bb. <a class=\"mh-excerpt-more\" href=\"https:\/\/democraciaactiva.eu\/?p=336\" title=\"Puerto Sotogrande ser\u00e1 inaccesible hasta 2.019\">[&#8230;]<\/a><\/p>\n<\/div>","protected":false},"author":1,"featured_media":0,"comment_status":"open","ping_status":"open","sticky":false,"template":"","format":"standard","meta":[],"categories":[12],"tags":[],"_links":{"self":[{"href":"https:\/\/democraciaactiva.eu\/index.php?rest_route=\/wp\/v2\/posts\/336"}],"collection":[{"href":"https:\/\/democraciaactiva.eu\/index.php?rest_route=\/wp\/v2\/posts"}],"about":[{"href":"https:\/\/democraciaactiva.eu\/index.php?rest_route=\/wp\/v2\/types\/post"}],"author":[{"embeddable":true,"href":"https:\/\/democraciaactiva.eu\/index.php?rest_route=\/wp\/v2\/users\/1"}],"replies":[{"embeddable":true,"href":"https:\/\/democraciaactiva.eu\/index.php?rest_route=%2Fwp%2Fv2%2Fcomments&post=336"}],"version-history":[{"count":0,"href":"https:\/\/democraciaactiva.eu\/index.php?rest_route=\/wp\/v2\/posts\/336\/revisions"}],"wp:attachment":[{"href":"https:\/\/democraciaactiva.eu\/index.php?rest_route=%2Fwp%2Fv2%2Fmedia&parent=336"}],"wp:term":[{"taxonomy":"category","embeddable":true,"href":"https:\/\/democraciaactiva.eu\/index.php?rest_route=%2Fwp%2Fv2%2Fcategories&post=336"},{"taxonomy":"post_tag","embeddable":true,"href":"https:\/\/democraciaactiva.eu\/index.php?rest_route=%2Fwp%2Fv2%2Ftags&post=336"}],"curies":[{"name":"wp","href":"https:\/\/api.w.org\/{rel}","templated":true}]}}