{"id":322,"date":"2014-07-15T19:48:35","date_gmt":"2014-07-15T18:48:35","guid":{"rendered":"http:\/\/democraciaactiva.eu\/?p=322"},"modified":"2014-07-15T19:48:35","modified_gmt":"2014-07-15T18:48:35","slug":"intentan-agredir-por-denunciar-la-ocupacion-de-plazas-reservadas","status":"publish","type":"post","link":"https:\/\/democraciaactiva.eu\/?p=322","title":{"rendered":"Intentos de agresi\u00f3n por denunciar la ocupaci\u00f3n de plazas para discapacitados."},"content":{"rendered":"<p>El pasado lunes, mientras se estaban realizando unas fotograf\u00edas para el mapa de accesibilidad de San Roque, una furgoneta estacion\u00f3 en zona reservada para discapacitados, obligando a un veh\u00edculo peque\u00f1o que pas\u00f3 minutos despu\u00e9s a buscar otro lugar (\u00e9ste s\u00ed ten\u00eda visible el distintivo azul en el parabrisas).<\/p>\n<p>Al informar al conductor \u00e9ste <strong>respondi\u00f3 que \u00e9l no era discapacitado pero aparcaba all\u00ed<\/strong>, y tras repetir la misma respuesta se le hizo una fotograf\u00eda al veh\u00edculo mal estacionado.<\/p>\n<p><strong>La reacci\u00f3n del conductor no fue desde luego una disculpa, sino un intento de agresi\u00f3n<\/strong> que lleg\u00f3 hasta llevarse el m\u00f3vil en un par de ocasiones amenazando con romperlo si no se borraba la fotograf\u00eda. Algo in\u00fatil por otro lado ya que \u00e9sta era transmitida inmediatamente a los servidores de la Asociaci\u00f3n, salvo por el l\u00f3gico da\u00f1o en los equipos.<\/p>\n<p>Tras entrar a un local pr\u00f3ximo el conductor continu\u00f3 m\u00e1s de media hora en la puerta amenazando con agredir sino se hac\u00eda lo que \u00e9l quer\u00eda, hasta que finalmente lleg\u00f3 una patrulla de la Guardia Civil.<\/p>\n<p>La sorpresa vino cuando <strong>el conductor afirm\u00f3 que \u00e9l les hab\u00eda llamado, como \u00abcompa\u00f1eros\u00bb, dejando claro que o era un agente de paisano, o familiar, pero que al fot\u00f3grafo le \u00abiba a costar un dinerito la foto\u00bb.<\/strong><\/p>\n<p>Los agentes indicaron que <strong>se deb\u00eda borrar la fotograf\u00eda en un par de ocasiones, recibiendo una total negativa como respuesta.<\/strong><\/p>\n<p>Adem\u00e1s de negar el borrado de la fotograf\u00eda se les pidi\u00f3 que denunciaran al veh\u00edculo que ocupaba la plaza de discapacitado, a lo cual se negaron porque, en su opini\u00f3n, <strong>\u00abno era de su competencia\u00bb<\/strong>.<\/p>\n<p>La \u00abversi\u00f3n oficial\u00bb, que hemos conocido por la prensa, ha sido que el conductor atendi\u00f3 una emergencia de su hijo peque\u00f1o&#8230; el centro de urgencias se encuentra a unos 5 kil\u00f3metros, pero all\u00ed hab\u00eda un comercio al que su mujer entr\u00f3 a comprar. L\u00f3gica emergencia de verano, \u00bfa qui\u00e9n no le ha pasado que se olvida de una sombrilla?<\/p>\n<p>Podemos entender el corporativismo si el conductor era, como presum\u00eda, tan cercano a la Guardia Civil, pero no que se incumplan las normas en su beneficio.<\/p>\n<p>Existen informes precedentes de la Comandancia de la Guardia Civil a la que pertenec\u00edan estos agentes justificando sus denuncias en la puerta de un conocido centro comercial, pese a ser v\u00eda urbana. Sin embargo, ahora alegan precisamente ese detalle para no actuar&#8230; \u00bfen qu\u00e9 quedamos?<\/p>\n<p>Al margen de las denuncias presentadas contra el conductor del veh\u00edculo, por cuesti\u00f3n de seguridad jur\u00eddica entendemos que debe aclarase si pueden, deben, o cualquier ciudadano de a pie tiene m\u00e1s competencias que estos agentes ante las infracciones que observen.<\/p>\n<p>Desgraciadamente no es la primera vez que quienes ocupan estas plazas ilegalmente responden con agresiones ante la posibilidad de denuncia, pero sorprendi\u00f3 que adem\u00e1s presumieran de contar con la colaboraci\u00f3n de la propia Guardia Civil.<\/p>\n<p>En la \u00abaclaraci\u00f3n\u00bb a la prensa explican los motivos para no denunciar al conductor.<a href=\"https:\/\/democraciaactiva.eu\/wp-content\/uploads\/2014\/07\/Denuncia-El-Faro.jpg\"><img decoding=\"async\" loading=\"lazy\" class=\"aligncenter size-medium wp-image-323\" src=\"https:\/\/democraciaactiva.eu\/wp-content\/uploads\/2014\/07\/Denuncia-El-Faro-215x300.jpg\" alt=\"Denuncia El Faro\" width=\"215\" height=\"300\" \/><\/a>Seg\u00fan otra versi\u00f3n los hechos pudieron sucederse seg\u00fan este croquis, donde queda clara la existencia de una emergencia, en vista del lugar donde fueron los ocupantes del veh\u00edculo.<br \/>\n<a href=\"https:\/\/democraciaactiva.eu\/wp-content\/uploads\/2014\/07\/Croquis-Emergencia.jpg\"><img decoding=\"async\" loading=\"lazy\" class=\"aligncenter size-medium wp-image-324\" src=\"https:\/\/democraciaactiva.eu\/wp-content\/uploads\/2014\/07\/Croquis-Emergencia-300x241.jpg\" alt=\"Croquis Emergencia\" width=\"300\" height=\"241\" \/><\/a><\/p>\n<p>Como pudo leerse en la nota de prensa, la Guardia Civil no denunci\u00f3 la infracci\u00f3n por ser competencia de la Polic\u00eda Local. Sin embargo en un informe de a\u00f1os atr\u00e1s, justificaban denunciar dentro de las mismas calles sin mayor reparo&#8230; <strong>\u00bfTuvo algo que ver que el conductor les llamara \u00abcompa\u00f1eros\u00bb?, <a title=\"Yo tambi\u00e9n aparco en Mercadona\" href=\"http:\/\/tesorillo.wordpress.com\/2013\/02\/14\/yo-tambien-aparco-en-mercadona-i\/\" target=\"_blank\">\u00bfpor qu\u00e9 son competentes para denunciar cuando les llaman del Mercadona porque hay coches delante de su puerta y no si se lo pide un simple ciudadano porque han ocupado plazas para discapacitados?<\/a><\/strong><a href=\"https:\/\/democraciaactiva.eu\/wp-content\/uploads\/2014\/07\/Informe-Guardia-Civil-C\u00e1diz-copia-3.jpg\"><img decoding=\"async\" loading=\"lazy\" class=\"aligncenter size-medium wp-image-326\" src=\"https:\/\/democraciaactiva.eu\/wp-content\/uploads\/2014\/07\/Informe-Guardia-Civil-C\u00e1diz-copia-3-210x300.jpg\" alt=\"Informe Guardia Civil C\u00e1diz - copia (3)\" width=\"210\" height=\"300\" \/><\/a><br \/>\n<a href=\"https:\/\/democraciaactiva.eu\/wp-content\/uploads\/2014\/07\/Informe-Guardia-Civil-C\u00e1diz-copia-4.jpg\"><img decoding=\"async\" loading=\"lazy\" class=\"aligncenter size-medium wp-image-325\" src=\"https:\/\/democraciaactiva.eu\/wp-content\/uploads\/2014\/07\/Informe-Guardia-Civil-C\u00e1diz-copia-4-210x300.jpg\" alt=\"Informe Guardia Civil C\u00e1diz - copia (4)\" width=\"210\" height=\"300\" \/><\/a> <\/p>\n","protected":false},"excerpt":{"rendered":"<div class=\"mh-excerpt\"><p>El pasado lunes, mientras se estaban realizando unas fotograf\u00edas para el mapa de accesibilidad de San Roque, una furgoneta estacion\u00f3 en zona reservada para discapacitados, <a class=\"mh-excerpt-more\" href=\"https:\/\/democraciaactiva.eu\/?p=322\" title=\"Intentos de agresi\u00f3n por denunciar la ocupaci\u00f3n de plazas para discapacitados.\">[&#8230;]<\/a><\/p>\n<\/div>","protected":false},"author":1,"featured_media":0,"comment_status":"open","ping_status":"open","sticky":false,"template":"","format":"standard","meta":[],"categories":[12],"tags":[],"_links":{"self":[{"href":"https:\/\/democraciaactiva.eu\/index.php?rest_route=\/wp\/v2\/posts\/322"}],"collection":[{"href":"https:\/\/democraciaactiva.eu\/index.php?rest_route=\/wp\/v2\/posts"}],"about":[{"href":"https:\/\/democraciaactiva.eu\/index.php?rest_route=\/wp\/v2\/types\/post"}],"author":[{"embeddable":true,"href":"https:\/\/democraciaactiva.eu\/index.php?rest_route=\/wp\/v2\/users\/1"}],"replies":[{"embeddable":true,"href":"https:\/\/democraciaactiva.eu\/index.php?rest_route=%2Fwp%2Fv2%2Fcomments&post=322"}],"version-history":[{"count":0,"href":"https:\/\/democraciaactiva.eu\/index.php?rest_route=\/wp\/v2\/posts\/322\/revisions"}],"wp:attachment":[{"href":"https:\/\/democraciaactiva.eu\/index.php?rest_route=%2Fwp%2Fv2%2Fmedia&parent=322"}],"wp:term":[{"taxonomy":"category","embeddable":true,"href":"https:\/\/democraciaactiva.eu\/index.php?rest_route=%2Fwp%2Fv2%2Fcategories&post=322"},{"taxonomy":"post_tag","embeddable":true,"href":"https:\/\/democraciaactiva.eu\/index.php?rest_route=%2Fwp%2Fv2%2Ftags&post=322"}],"curies":[{"name":"wp","href":"https:\/\/api.w.org\/{rel}","templated":true}]}}