{"id":311,"date":"2014-07-01T15:58:31","date_gmt":"2014-07-01T14:58:31","guid":{"rendered":"http:\/\/democraciaactiva.eu\/?p=311"},"modified":"2014-07-01T15:58:31","modified_gmt":"2014-07-01T14:58:31","slug":"defensa-ciudadana-activa-elaborara-un-mapa-de-accesibilidad-en-san-roque","status":"publish","type":"post","link":"https:\/\/democraciaactiva.eu\/?p=311","title":{"rendered":"DCA elaborar\u00e1 un mapa de accesibilidad en San Roque"},"content":{"rendered":"<p>Miembros de la Asociaci\u00f3n Defensa Ciudadana Activa iniciar\u00e1n en estos d\u00edas la elaboraci\u00f3n de un <strong>\u201cmapa de accesibilidad\u201d<\/strong> en San Roque. La iniciativa surge tras las quejas vecinales por la ausencia de accesos y la falta de sensibilidad hacia la normativa contra las barreras urban\u00edsticas detectada.<\/p>\n<p><strong>Una primera fase se dedicar\u00e1 a las plazas de estacionamiento reservadas para discapacitados<\/strong>, durante la cual varios socios marcar\u00e1n sobre el plano del municipio las existentes, comprobando si se cumple la normativa en cuanto a n\u00famero, distribuci\u00f3n, dimensiones y se\u00f1alizaci\u00f3n de las mismas. \u201cEn base a este primer paso se propondr\u00e1 a la administraci\u00f3n la creaci\u00f3n de nuevas plazas en caso necesario, siempre en base a la normativa reguladora.\u201d, informaron.<\/p>\n<p><a href=\"https:\/\/democraciaactiva.eu\/wp-content\/uploads\/2014\/07\/Estacionamiento.jpg\"><img decoding=\"async\" loading=\"lazy\" class=\"aligncenter size-medium wp-image-313\" src=\"https:\/\/democraciaactiva.eu\/wp-content\/uploads\/2014\/07\/Estacionamiento-300x225.jpg\" alt=\"Estacionamiento\" width=\"300\" height=\"225\" \/><\/a><\/p>\n<p><strong>En una segunda fase se indicar\u00e1n los edificios p\u00fablicos existentes, as\u00ed como las deficiencias encontradas en sus accesos.<\/strong> \u201cHemos encontrado deficiencias que son f\u00e1cilmente subsanables, son fruto del desconocimiento o la falta de sensibilidad hacia las situaciones que pueden crearse con un simple escal\u00f3n o colocar mal el mobiliario, y no son pocas precisamente, por lo que pensamos reunirlas en un mapa de accesibilidad que permita hacer luego un seguimiento de su correcci\u00f3n. Los edificios p\u00fablicos deben ser totalmente accesibles.\u201d, insistieron.<a href=\"https:\/\/democraciaactiva.eu\/wp-content\/uploads\/2014\/07\/Acceso-edificio.jpg\"><img decoding=\"async\" loading=\"lazy\" class=\"aligncenter size-medium wp-image-314\" src=\"https:\/\/democraciaactiva.eu\/wp-content\/uploads\/2014\/07\/Acceso-edificio-300x225.jpg\" alt=\"Acceso edificio\" width=\"300\" height=\"225\" \/><\/a><\/p>\n<p><strong>La tercera fase abordar\u00eda los itinerarios peatonales<\/strong>, siendo la que m\u00e1s tiempo puede llevar. \u201cEsta fase entendemos que es m\u00e1s complicada porque en muchos itinerarios la orograf\u00eda del terreno impide que puedan ser tan accesibles como quisi\u00e9ramos, pero siempre hay cosas que mejorar, por lo que ser\u00eda una fase abierta a nuevas incidencias y mejoras a medio y largo plazo. Problemas causados por el mobiliario urbano, elevaciones del acerado, resaltos incomprensibles, etc, pueden solucionarse, y de hecho no deber\u00edan existir con una adecuada planificaci\u00f3n y sensibilizaci\u00f3n hacia la normativa de accesibilidad.\u201d<\/p>\n<p><a href=\"https:\/\/democraciaactiva.eu\/wp-content\/uploads\/2014\/07\/discapacitados-rampas-de_-acceso.jpg\"><img decoding=\"async\" loading=\"lazy\" class=\"aligncenter size-medium wp-image-312\" src=\"https:\/\/democraciaactiva.eu\/wp-content\/uploads\/2014\/07\/discapacitados-rampas-de_-acceso-300x201.jpg\" alt=\"discapacitados-rampas-de_-acceso\" width=\"300\" height=\"201\" \/><\/a><\/p>\n<p><strong>En esta fase se abordar\u00eda tambi\u00e9n la accesibilidad de los transportes p\u00fablicos y sus infraestructuras<\/strong>, \u201cya que se nos han dado casos en que es complicado acceder ya no al transporte sino a las propias paradas que cuentan con todo tipo de barreras. En San Roque por ejemplo hay casos as\u00ed comunicados hace a\u00f1os al Ayuntamiento que siguen sin resolver.\u201d, denunciaron.<a href=\"https:\/\/democraciaactiva.eu\/wp-content\/uploads\/2014\/07\/Parada-de-autobus.jpg\"><img decoding=\"async\" loading=\"lazy\" class=\"aligncenter size-medium wp-image-315\" src=\"https:\/\/democraciaactiva.eu\/wp-content\/uploads\/2014\/07\/Parada-de-autobus-300x244.jpg\" alt=\"Parada de autobus\" width=\"300\" height=\"244\" \/><\/a><\/p>\n<p>Desde Defensa Ciudadana Activa se insisti\u00f3 en que la finalidad de esta campa\u00f1a <strong>\u201cno es tanto informativa como reivindicativa, en l\u00ednea con los fines de esta Asociaci\u00f3n, por lo que el objetivo ser\u00e1 reclamar a la administraci\u00f3n y poner los medios necesarios para que las incidencias en ese mapa sean m\u00ednimas y nunca atribuibles a la administraci\u00f3n, como por desgracia ocurre ahora en demasiadas ocasiones.\u201d<\/strong>, finalizaron. <\/p>\n","protected":false},"excerpt":{"rendered":"<div class=\"mh-excerpt\"><p>Miembros de la Asociaci\u00f3n Defensa Ciudadana Activa iniciar\u00e1n en estos d\u00edas la elaboraci\u00f3n de un \u201cmapa de accesibilidad\u201d en San Roque. La iniciativa surge tras <a class=\"mh-excerpt-more\" href=\"https:\/\/democraciaactiva.eu\/?p=311\" title=\"DCA elaborar\u00e1 un mapa de accesibilidad en San Roque\">[&#8230;]<\/a><\/p>\n<\/div>","protected":false},"author":1,"featured_media":0,"comment_status":"open","ping_status":"open","sticky":false,"template":"","format":"standard","meta":[],"categories":[12],"tags":[],"_links":{"self":[{"href":"https:\/\/democraciaactiva.eu\/index.php?rest_route=\/wp\/v2\/posts\/311"}],"collection":[{"href":"https:\/\/democraciaactiva.eu\/index.php?rest_route=\/wp\/v2\/posts"}],"about":[{"href":"https:\/\/democraciaactiva.eu\/index.php?rest_route=\/wp\/v2\/types\/post"}],"author":[{"embeddable":true,"href":"https:\/\/democraciaactiva.eu\/index.php?rest_route=\/wp\/v2\/users\/1"}],"replies":[{"embeddable":true,"href":"https:\/\/democraciaactiva.eu\/index.php?rest_route=%2Fwp%2Fv2%2Fcomments&post=311"}],"version-history":[{"count":0,"href":"https:\/\/democraciaactiva.eu\/index.php?rest_route=\/wp\/v2\/posts\/311\/revisions"}],"wp:attachment":[{"href":"https:\/\/democraciaactiva.eu\/index.php?rest_route=%2Fwp%2Fv2%2Fmedia&parent=311"}],"wp:term":[{"taxonomy":"category","embeddable":true,"href":"https:\/\/democraciaactiva.eu\/index.php?rest_route=%2Fwp%2Fv2%2Fcategories&post=311"},{"taxonomy":"post_tag","embeddable":true,"href":"https:\/\/democraciaactiva.eu\/index.php?rest_route=%2Fwp%2Fv2%2Ftags&post=311"}],"curies":[{"name":"wp","href":"https:\/\/api.w.org\/{rel}","templated":true}]}}