{"id":306,"date":"2014-06-29T16:37:48","date_gmt":"2014-06-29T15:37:48","guid":{"rendered":"http:\/\/democraciaactiva.eu\/?p=306"},"modified":"2014-06-29T16:37:48","modified_gmt":"2014-06-29T15:37:48","slug":"centros-comerciales-con-accesibilidad-cero","status":"publish","type":"post","link":"https:\/\/democraciaactiva.eu\/?p=306","title":{"rendered":"Centros Comerciales con accesibilidad cero."},"content":{"rendered":"<p>Dentro de la campa\u00f1a para el cumplimiento de la normativa de accesibilidad, la Asociaci\u00f3n Defensa Ciudadana Activa ha solicitado informaci\u00f3n al Ayuntamiento de San Roque sobre el dise\u00f1o del parking subterr\u00e1neo del Centro Comercial Sotomarket.<\/p>\n<p>Este parking, <strong>con m\u00e1s de 250 plazas de capacidad, no tiene ninguna plaza reservada para discapacitados<\/strong> que cumpla el Decreto 293\/2009, de 7 de julio, por el que se aprueba el reglamento que regula las normas para la accesibilidad en las infraestructuras, el urbanismo, la edificaci\u00f3n y el transporte en Andaluc\u00eda.<\/p>\n<p>De hecho, s\u00f3lo existe una plaza con se\u00f1alizaci\u00f3n horizontal (sin se\u00f1al vertical ni prohibici\u00f3n de estacionamiento) en la planta m\u00e1s profunda y zona m\u00e1s alejada de los accesos al centro comercial, cuando por normativa deber\u00edan tener como m\u00ednimo siete.<\/p>\n<p>El<strong> RD 293\/2009 exige la reserva de una plaza por cada 40 o fracci\u00f3n<\/strong>, que adem\u00e1s de contar con unas medidas superiores (5&#8217;00 x 3&#8217;60 para aparcamientos en bater\u00eda y 6&#8217;50 x 3&#8217;60 para estacionamientos en l\u00ednea), que deben estar se\u00f1alizadas vertical y horizontalmente, adem\u00e1s de constar la prohibici\u00f3n de estacionamiento para el resto de usuarios.<\/p>\n<p>Sin embargo, no son pocas las administraciones p\u00fablicas que no vigilan su cumplimiento, y mucho menos la utilizaci\u00f3n de estas plazas por usuarios no autorizados, por lo que la normativa suele quedar en papel mojado.<\/p>\n<p>Por ello, y dada la nula respuesta del Ayuntamiento de San Roque a anteriores peticiones, desde Defensa Ciudadana Activa se remitir\u00e1n los expedientes de accesibilidad a la Consejer\u00eda competente para instruir procedimientos sancionadores, conforme al procedimiento sancionador establecido en el <strong>Real Decreto Legislativo 1\/2013, de 29 de noviembre, por el que se aprueba el Texto Refundido de la Ley General de derechos de las personas con discapacidad y de su inclusi\u00f3n social.<\/strong><\/p>\n<p><a href=\"https:\/\/democraciaactiva.eu\/wp-content\/uploads\/2014\/06\/Barrera-Sotomarket.jpg\"><img decoding=\"async\" loading=\"lazy\" class=\"aligncenter size-medium wp-image-307\" src=\"https:\/\/democraciaactiva.eu\/wp-content\/uploads\/2014\/06\/Barrera-Sotomarket-225x300.jpg\" alt=\"Plaza Sotomarket\" width=\"225\" height=\"300\" \/><\/a> <\/p>\n","protected":false},"excerpt":{"rendered":"<div class=\"mh-excerpt\"><p>Dentro de la campa\u00f1a para el cumplimiento de la normativa de accesibilidad, la Asociaci\u00f3n Defensa Ciudadana Activa ha solicitado informaci\u00f3n al Ayuntamiento de San Roque <a class=\"mh-excerpt-more\" href=\"https:\/\/democraciaactiva.eu\/?p=306\" title=\"Centros Comerciales con accesibilidad cero.\">[&#8230;]<\/a><\/p>\n<\/div>","protected":false},"author":1,"featured_media":0,"comment_status":"open","ping_status":"open","sticky":false,"template":"","format":"standard","meta":[],"categories":[12],"tags":[],"_links":{"self":[{"href":"https:\/\/democraciaactiva.eu\/index.php?rest_route=\/wp\/v2\/posts\/306"}],"collection":[{"href":"https:\/\/democraciaactiva.eu\/index.php?rest_route=\/wp\/v2\/posts"}],"about":[{"href":"https:\/\/democraciaactiva.eu\/index.php?rest_route=\/wp\/v2\/types\/post"}],"author":[{"embeddable":true,"href":"https:\/\/democraciaactiva.eu\/index.php?rest_route=\/wp\/v2\/users\/1"}],"replies":[{"embeddable":true,"href":"https:\/\/democraciaactiva.eu\/index.php?rest_route=%2Fwp%2Fv2%2Fcomments&post=306"}],"version-history":[{"count":0,"href":"https:\/\/democraciaactiva.eu\/index.php?rest_route=\/wp\/v2\/posts\/306\/revisions"}],"wp:attachment":[{"href":"https:\/\/democraciaactiva.eu\/index.php?rest_route=%2Fwp%2Fv2%2Fmedia&parent=306"}],"wp:term":[{"taxonomy":"category","embeddable":true,"href":"https:\/\/democraciaactiva.eu\/index.php?rest_route=%2Fwp%2Fv2%2Fcategories&post=306"},{"taxonomy":"post_tag","embeddable":true,"href":"https:\/\/democraciaactiva.eu\/index.php?rest_route=%2Fwp%2Fv2%2Ftags&post=306"}],"curies":[{"name":"wp","href":"https:\/\/api.w.org\/{rel}","templated":true}]}}