{"id":301,"date":"2014-06-29T00:22:45","date_gmt":"2014-06-28T23:22:45","guid":{"rendered":"http:\/\/democraciaactiva.eu\/?p=301"},"modified":"2014-06-29T00:22:45","modified_gmt":"2014-06-28T23:22:45","slug":"anulada-denuncia-por-alimentar-animales-en-la-via-publica","status":"publish","type":"post","link":"https:\/\/democraciaactiva.eu\/?p=301","title":{"rendered":"Anulada denuncia por alimentar animales en la v\u00eda p\u00fablica"},"content":{"rendered":"<p><span class=\"_50f4\">Anulada la denuncia a socios de una protectora de animales, pertenecientes igualmente a Defensa Ciudadana Activa, por cuidar animales callejeros. L\u00f3gicamente se present\u00f3 recurso ante la denuncia logrando el archivo de la misma.<\/p>\n<p>Como queda acreditado, los gatos no eran propiedad ni conviv\u00edan con las personas denunciadas, por lo que no pueden aplicarles las sanciones establecidas en la Ley 11\/2003 de Protecci\u00f3n de los animales de compa\u00f1\u00eda.<\/p>\n<p>Esperamos que tomen nota los Ayuntamientos que est\u00e1n denunciando a ciudadanos, tratando de aplicar una \u00abLey de Protecci\u00f3n de animales\u00bb de modo que en realidad \u00abdesprotegen\u00bb a los que vienen siendo cuidados altruistamente por vecinos o asociaciones protectoras de animales.<\/span><\/p>\n<p><a href=\"https:\/\/democraciaactiva.eu\/wp-content\/uploads\/2014\/06\/Animales-1.jpg\"><img decoding=\"async\" loading=\"lazy\" class=\"aligncenter size-medium wp-image-302\" src=\"https:\/\/democraciaactiva.eu\/wp-content\/uploads\/2014\/06\/Animales-1-212x300.jpg\" alt=\"Animales 1\" width=\"212\" height=\"300\" \/><\/a><a href=\"https:\/\/democraciaactiva.eu\/wp-content\/uploads\/2014\/06\/Animales-2.jpg\"><img decoding=\"async\" loading=\"lazy\" class=\"aligncenter size-medium wp-image-303\" src=\"https:\/\/democraciaactiva.eu\/wp-content\/uploads\/2014\/06\/Animales-2-212x300.jpg\" alt=\"Animales 2\" width=\"212\" height=\"300\" \/><\/a> <\/p>\n","protected":false},"excerpt":{"rendered":"<div class=\"mh-excerpt\"><p>Anulada la denuncia a socios de una protectora de animales, pertenecientes igualmente a Defensa Ciudadana Activa, por cuidar animales callejeros. L\u00f3gicamente se present\u00f3 recurso ante <a class=\"mh-excerpt-more\" href=\"https:\/\/democraciaactiva.eu\/?p=301\" title=\"Anulada denuncia por alimentar animales en la v\u00eda p\u00fablica\">[&#8230;]<\/a><\/p>\n<\/div>","protected":false},"author":1,"featured_media":0,"comment_status":"open","ping_status":"open","sticky":false,"template":"","format":"standard","meta":[],"categories":[12],"tags":[],"_links":{"self":[{"href":"https:\/\/democraciaactiva.eu\/index.php?rest_route=\/wp\/v2\/posts\/301"}],"collection":[{"href":"https:\/\/democraciaactiva.eu\/index.php?rest_route=\/wp\/v2\/posts"}],"about":[{"href":"https:\/\/democraciaactiva.eu\/index.php?rest_route=\/wp\/v2\/types\/post"}],"author":[{"embeddable":true,"href":"https:\/\/democraciaactiva.eu\/index.php?rest_route=\/wp\/v2\/users\/1"}],"replies":[{"embeddable":true,"href":"https:\/\/democraciaactiva.eu\/index.php?rest_route=%2Fwp%2Fv2%2Fcomments&post=301"}],"version-history":[{"count":0,"href":"https:\/\/democraciaactiva.eu\/index.php?rest_route=\/wp\/v2\/posts\/301\/revisions"}],"wp:attachment":[{"href":"https:\/\/democraciaactiva.eu\/index.php?rest_route=%2Fwp%2Fv2%2Fmedia&parent=301"}],"wp:term":[{"taxonomy":"category","embeddable":true,"href":"https:\/\/democraciaactiva.eu\/index.php?rest_route=%2Fwp%2Fv2%2Fcategories&post=301"},{"taxonomy":"post_tag","embeddable":true,"href":"https:\/\/democraciaactiva.eu\/index.php?rest_route=%2Fwp%2Fv2%2Ftags&post=301"}],"curies":[{"name":"wp","href":"https:\/\/api.w.org\/{rel}","templated":true}]}}