{"id":297,"date":"2014-06-26T07:10:55","date_gmt":"2014-06-26T06:10:55","guid":{"rendered":"http:\/\/democraciaactiva.eu\/?p=297"},"modified":"2014-06-26T07:10:55","modified_gmt":"2014-06-26T06:10:55","slug":"denuncian-pasajes-inaccesibles-en-san-roque","status":"publish","type":"post","link":"https:\/\/democraciaactiva.eu\/?p=297","title":{"rendered":"Denuncian pasajes inaccesibles en San Roque."},"content":{"rendered":"<p>Dentro de la campa\u00f1a para la eliminaci\u00f3n de barreras urban\u00edsticas, la Asociaci\u00f3n Defensa Ciudadana Activa ha pedido al Ayuntamiento de San Roque informaci\u00f3n sobre la urbanizaci\u00f3n de Plaza Mayor, en la zona norte del municipio.<\/p>\n<p>En esta zona predominan los pasajes peatonales, muy utilizados por los ciudadanos pero con un grave inconveniente: pueden no ser accesibles para todos.<\/p>\n<p>De este modo tras entrar en uno podemos encontrarnos con que <strong>no tiene salida, al menos para quienes precisen silla de ruedas<\/strong>, y tener que volver atr\u00e1s.<\/p>\n<p>Por ello DCA ha abierto un expediente informativo al objeto de determinar si realmente se han aprobado documentos que permitan esta vulneraci\u00f3n de la normativa, o \u201cha sido una modificaci\u00f3n posterior, responsabilidad probablemente del Teniente de Alcalde de la zona, cuyo desconocimiento y falta de preocupaci\u00f3n por la accesibilidad ha dejado claro en ocasiones anteriores.\u201d, denunciaron.<\/p>\n<p>En la solicitud, a la que acompa\u00f1an petici\u00f3n para la eliminaci\u00f3n de las barreras detectadas, se solicita igualmente la identificaci\u00f3n de la autoridad o personal responsable de las barreras creadas, \u201cde modo que en caso de que no se solucione las acciones se dirijan contra el o los responsables y no contra un Ayuntamiento que somos todos.\u201d, finalizaron.<\/p>\n<p><strong>\u00a0<a href=\"https:\/\/democraciaactiva.eu\/wp-content\/uploads\/2014\/06\/Barreras-Plaza-Mayor-San-Roque.jpg\"><img decoding=\"async\" loading=\"lazy\" class=\"aligncenter size-medium wp-image-298\" src=\"https:\/\/democraciaactiva.eu\/wp-content\/uploads\/2014\/06\/Barreras-Plaza-Mayor-San-Roque-300x225.jpg\" alt=\"Barreras Plaza Mayor San Roque\" width=\"300\" height=\"225\" \/><\/a><\/strong> <\/p>\n","protected":false},"excerpt":{"rendered":"<div class=\"mh-excerpt\"><p>Dentro de la campa\u00f1a para la eliminaci\u00f3n de barreras urban\u00edsticas, la Asociaci\u00f3n Defensa Ciudadana Activa ha pedido al Ayuntamiento de San Roque informaci\u00f3n sobre la <a class=\"mh-excerpt-more\" href=\"https:\/\/democraciaactiva.eu\/?p=297\" title=\"Denuncian pasajes inaccesibles en San Roque.\">[&#8230;]<\/a><\/p>\n<\/div>","protected":false},"author":1,"featured_media":0,"comment_status":"open","ping_status":"open","sticky":false,"template":"","format":"standard","meta":[],"categories":[12],"tags":[],"_links":{"self":[{"href":"https:\/\/democraciaactiva.eu\/index.php?rest_route=\/wp\/v2\/posts\/297"}],"collection":[{"href":"https:\/\/democraciaactiva.eu\/index.php?rest_route=\/wp\/v2\/posts"}],"about":[{"href":"https:\/\/democraciaactiva.eu\/index.php?rest_route=\/wp\/v2\/types\/post"}],"author":[{"embeddable":true,"href":"https:\/\/democraciaactiva.eu\/index.php?rest_route=\/wp\/v2\/users\/1"}],"replies":[{"embeddable":true,"href":"https:\/\/democraciaactiva.eu\/index.php?rest_route=%2Fwp%2Fv2%2Fcomments&post=297"}],"version-history":[{"count":0,"href":"https:\/\/democraciaactiva.eu\/index.php?rest_route=\/wp\/v2\/posts\/297\/revisions"}],"wp:attachment":[{"href":"https:\/\/democraciaactiva.eu\/index.php?rest_route=%2Fwp%2Fv2%2Fmedia&parent=297"}],"wp:term":[{"taxonomy":"category","embeddable":true,"href":"https:\/\/democraciaactiva.eu\/index.php?rest_route=%2Fwp%2Fv2%2Fcategories&post=297"},{"taxonomy":"post_tag","embeddable":true,"href":"https:\/\/democraciaactiva.eu\/index.php?rest_route=%2Fwp%2Fv2%2Ftags&post=297"}],"curies":[{"name":"wp","href":"https:\/\/api.w.org\/{rel}","templated":true}]}}