{"id":292,"date":"2014-06-20T07:00:47","date_gmt":"2014-06-20T06:00:47","guid":{"rendered":"http:\/\/democraciaactiva.eu\/?p=292"},"modified":"2014-06-20T07:00:47","modified_gmt":"2014-06-20T06:00:47","slug":"sevilla-sera-menos-inaccesible-en-semana-santa","status":"publish","type":"post","link":"https:\/\/democraciaactiva.eu\/?p=292","title":{"rendered":"Sevilla ser\u00e1 menos inaccesible en Semana Santa"},"content":{"rendered":"<p>El pasado mes de abril <a href=\"https:\/\/democraciaactiva.eu\/?p=194\" target=\"_blank\">iniciamos expediente informativo sobre las barreras creadas en Sevilla durante la Semana Santa<\/a>, remitiendo nuestra petici\u00f3n al Ayuntamiento de esta ciudad. En respuesta a esta petici\u00f3n, la Oficina de Accesibilidad, de pendiente de la Gerencia de Urbanismo nos ha remitido contestaci\u00f3n con informe y plano de las actuaciones llevadas a cabo en esas fechas.<\/p>\n<p>En ella se reconocen los problemas de accesibilidad causados no s\u00f3lo durante la celebraci\u00f3n de los actos, sino durante 10 d\u00edas seg\u00fan el propio informe, por lo que han dado orden de no volver a realizar las actuaciones de eliminaci\u00f3n de rebajes debiendo ser, bien desmontables -suponemos que para que se retiren tras su utilizaci\u00f3n a diario- o bien eliminando las sillas que est\u00e9n en las zonas afectadas.<\/p>\n<p>De momento damos por v\u00e1lida la respuesta a la espera de qu\u00e9 actuaciones realizar\u00e1n el pr\u00f3ximo a\u00f1o, esperando que, como indica su informe, garanticen la accesibilidad dado que en caso contrario estar\u00edamos ante una reclamaci\u00f3n directa a los responsables que reincidieran en las infracciones.<\/p>\n<p>Destacamos, adem\u00e1s de la favorable respuesta del Ayuntamiento de Sevilla en este caso, el plazo de respuesta inferior a 60 d\u00edas, algo que entendemos razonable y del cual deber\u00edan tomar nota otras Administraciones P\u00fablicas, especialmente el Ayuntamiento de San Roque (C\u00e1diz) que hasta la fecha se niega reiterada y sistem\u00e1ticamente a responder a cualesquiera solicitudes realizadas desde esta Asociaci\u00f3n.<\/p>\n<p><a href=\"https:\/\/democraciaactiva.eu\/wp-content\/uploads\/2014\/06\/E14155_P\u00e1gina_1.jpg\"><img decoding=\"async\" loading=\"lazy\" class=\"aligncenter size-medium wp-image-293\" src=\"https:\/\/democraciaactiva.eu\/wp-content\/uploads\/2014\/06\/E14155_P\u00e1gina_1-212x300.jpg\" alt=\"E14155_P\u00e1gina_1\" width=\"212\" height=\"300\" \/><\/a><a href=\"https:\/\/democraciaactiva.eu\/wp-content\/uploads\/2014\/06\/E14155_P\u00e1gina_2.jpg\"><img decoding=\"async\" loading=\"lazy\" class=\"aligncenter size-medium wp-image-294\" src=\"https:\/\/democraciaactiva.eu\/wp-content\/uploads\/2014\/06\/E14155_P\u00e1gina_2-212x300.jpg\" alt=\"E14155_P\u00e1gina_2\" width=\"212\" height=\"300\" \/><\/a><a href=\"https:\/\/democraciaactiva.eu\/wp-content\/uploads\/2014\/06\/E14155_P\u00e1gina_3.jpg\"><img decoding=\"async\" loading=\"lazy\" class=\"aligncenter size-medium wp-image-295\" src=\"https:\/\/democraciaactiva.eu\/wp-content\/uploads\/2014\/06\/E14155_P\u00e1gina_3-212x300.jpg\" alt=\"E14155_P\u00e1gina_3\" width=\"212\" height=\"300\" \/><\/a> <\/p>\n","protected":false},"excerpt":{"rendered":"<div class=\"mh-excerpt\"><p>El pasado mes de abril iniciamos expediente informativo sobre las barreras creadas en Sevilla durante la Semana Santa, remitiendo nuestra petici\u00f3n al Ayuntamiento de esta <a class=\"mh-excerpt-more\" href=\"https:\/\/democraciaactiva.eu\/?p=292\" title=\"Sevilla ser\u00e1 menos inaccesible en Semana Santa\">[&#8230;]<\/a><\/p>\n<\/div>","protected":false},"author":1,"featured_media":0,"comment_status":"open","ping_status":"open","sticky":false,"template":"","format":"standard","meta":[],"categories":[12],"tags":[],"_links":{"self":[{"href":"https:\/\/democraciaactiva.eu\/index.php?rest_route=\/wp\/v2\/posts\/292"}],"collection":[{"href":"https:\/\/democraciaactiva.eu\/index.php?rest_route=\/wp\/v2\/posts"}],"about":[{"href":"https:\/\/democraciaactiva.eu\/index.php?rest_route=\/wp\/v2\/types\/post"}],"author":[{"embeddable":true,"href":"https:\/\/democraciaactiva.eu\/index.php?rest_route=\/wp\/v2\/users\/1"}],"replies":[{"embeddable":true,"href":"https:\/\/democraciaactiva.eu\/index.php?rest_route=%2Fwp%2Fv2%2Fcomments&post=292"}],"version-history":[{"count":0,"href":"https:\/\/democraciaactiva.eu\/index.php?rest_route=\/wp\/v2\/posts\/292\/revisions"}],"wp:attachment":[{"href":"https:\/\/democraciaactiva.eu\/index.php?rest_route=%2Fwp%2Fv2%2Fmedia&parent=292"}],"wp:term":[{"taxonomy":"category","embeddable":true,"href":"https:\/\/democraciaactiva.eu\/index.php?rest_route=%2Fwp%2Fv2%2Fcategories&post=292"},{"taxonomy":"post_tag","embeddable":true,"href":"https:\/\/democraciaactiva.eu\/index.php?rest_route=%2Fwp%2Fv2%2Ftags&post=292"}],"curies":[{"name":"wp","href":"https:\/\/api.w.org\/{rel}","templated":true}]}}