{"id":256,"date":"2014-05-30T21:35:42","date_gmt":"2014-05-30T20:35:42","guid":{"rendered":"http:\/\/democraciaactiva.eu\/?p=256"},"modified":"2014-05-30T21:35:42","modified_gmt":"2014-05-30T20:35:42","slug":"centro-comercial-el-espartal-todo-un-ejemplo-de-inaccesibilidad","status":"publish","type":"post","link":"https:\/\/democraciaactiva.eu\/?p=256","title":{"rendered":"Centro Comercial El Espartal, todo un ejemplo de inaccesibilidad."},"content":{"rendered":"<p>El Centro Comercial El Espartal, situado en Espartinas (Sevilla) ha llamado la atenci\u00f3n por su nivel de inaccesibilidad, por lo cual se ha abierto un expediente informativo que trate de explicar las deficiencias encontradas.<\/p>\n<p>En primer lugar sorprendi\u00f3 la<strong> total ausencia de estacionamientos reservados para discapacitados,<\/strong> que por el tama\u00f1o del estacionamiento deber\u00eda contar probablemente con 4 \u00f3 5 plazas en lugar preferente cerca de la entrada. No obstante no fue posible encontrar ninguna en todo el estacionamiento del Centro Comercial, y al parecer la m\u00e1s cercana podr\u00eda encontrarse a unos 200 metros frente a una nave cercana en un callej\u00f3n sin salida.<\/p>\n<p>Una vez constatada la imposibilidad de encontrar las plazas de estacionamiento reservadas se trat\u00f3 de encontrar alg\u00fan acceso que permitiera el tr\u00e1nsito en silla de ruedas. La entrada principal, en el centro del estacionamiento,\u00a0resulta totalmente inaccesible al no disponer de rampa complementaria, pese a que por la ubicaci\u00f3n habr\u00eda espacio m\u00e1s que suficiente para haberla previsto. Unos metros m\u00e1s a la izquierda, cerca de la entrada al estacionamiento, se encuentra una entrada secundaria que tampoco cuenta con rampa complementaria, por lo que sus escaleras hacen imposible considerarla accesible. Hay que buscar (y fijarse muy bien porque no s\u00f3lo no est\u00e1 se\u00f1alizada sino que adem\u00e1s se encuentra tapada por unos setos) y <strong>con algo de suerte se encuentra a unos 50 metros a la derecha, en la uni\u00f3n entre dos estacionamientos, una peque\u00f1a rampa que da\u00a0entrada a un pasillo entre setos por el que se podr\u00eda, con un rodeo de m\u00e1s de 100 metros, entrar al centro comercial en silla de ruedas.<\/strong><\/p>\n<p><strong>Esta situaci\u00f3n adem\u00e1s de indignante ha sido considerada ilegal por DCA<\/strong>, por lo que se han solicitado los informes t\u00e9cnicos que han autorizado estas instalaciones, a la espera de \u00abcomprobar si realmente han sido capaces de aprobar algo as\u00ed o ni siquiera cumple el proyecto de obra\u00bb, ya que miembros de esta asociaci\u00f3n se han encontrado ya con alg\u00fan expediente municipal que \u00abest\u00e1n muy bien sobre el papel, pero en la ejecuci\u00f3n se han saltado las medidas de accesibilidad\u00bb, y no les sorprender\u00eda que volviera a pasar.<\/p>\n<p>Adem\u00e1s de ello, DCA tramitar\u00e1 los expedientes de accesibilidad directamente como quejas, por lo que <strong>se informar\u00e1 a las instituciones competentes para que tomen las medidas oportunas para la correcci\u00f3n de las deficiencias y, en su caso, depuren las responsabilidades a las que haya lugar.<\/strong> \u00abEntendemos que las autoridades y personal responsable conocen la normativa vigente y deben respetarla, por lo que si llegado un punto del proceso el tr\u00e1mite administrativo no resolviera con la debida rapidez el problema creado se trasladar\u00eda el informe a la autoridad judicial competente por si hubiera indicios de responsabilidad penal.\u00bb, informaron.<a href=\"https:\/\/democraciaactiva.eu\/wp-content\/uploads\/2014\/05\/Aceras-Espartinas-8.jpg\"><img decoding=\"async\" loading=\"lazy\" class=\"aligncenter size-medium wp-image-257\" src=\"https:\/\/democraciaactiva.eu\/wp-content\/uploads\/2014\/05\/Aceras-Espartinas-8-300x225.jpg\" alt=\"Aceras Espartinas 8\" width=\"300\" height=\"225\" \/><\/a><\/p>\n<p><a href=\"https:\/\/democraciaactiva.eu\/wp-content\/uploads\/2014\/05\/Espartal-1.jpg\"><img decoding=\"async\" loading=\"lazy\" class=\"aligncenter size-medium wp-image-258\" src=\"https:\/\/democraciaactiva.eu\/wp-content\/uploads\/2014\/05\/Espartal-1-300x161.jpg\" alt=\"Espartal 1\" width=\"300\" height=\"161\" \/><\/a> <\/p>\n","protected":false},"excerpt":{"rendered":"<div class=\"mh-excerpt\"><p>El Centro Comercial El Espartal, situado en Espartinas (Sevilla) ha llamado la atenci\u00f3n por su nivel de inaccesibilidad, por lo cual se ha abierto un <a class=\"mh-excerpt-more\" href=\"https:\/\/democraciaactiva.eu\/?p=256\" title=\"Centro Comercial El Espartal, todo un ejemplo de inaccesibilidad.\">[&#8230;]<\/a><\/p>\n<\/div>","protected":false},"author":1,"featured_media":0,"comment_status":"open","ping_status":"open","sticky":false,"template":"","format":"standard","meta":[],"categories":[3,12],"tags":[],"_links":{"self":[{"href":"https:\/\/democraciaactiva.eu\/index.php?rest_route=\/wp\/v2\/posts\/256"}],"collection":[{"href":"https:\/\/democraciaactiva.eu\/index.php?rest_route=\/wp\/v2\/posts"}],"about":[{"href":"https:\/\/democraciaactiva.eu\/index.php?rest_route=\/wp\/v2\/types\/post"}],"author":[{"embeddable":true,"href":"https:\/\/democraciaactiva.eu\/index.php?rest_route=\/wp\/v2\/users\/1"}],"replies":[{"embeddable":true,"href":"https:\/\/democraciaactiva.eu\/index.php?rest_route=%2Fwp%2Fv2%2Fcomments&post=256"}],"version-history":[{"count":0,"href":"https:\/\/democraciaactiva.eu\/index.php?rest_route=\/wp\/v2\/posts\/256\/revisions"}],"wp:attachment":[{"href":"https:\/\/democraciaactiva.eu\/index.php?rest_route=%2Fwp%2Fv2%2Fmedia&parent=256"}],"wp:term":[{"taxonomy":"category","embeddable":true,"href":"https:\/\/democraciaactiva.eu\/index.php?rest_route=%2Fwp%2Fv2%2Fcategories&post=256"},{"taxonomy":"post_tag","embeddable":true,"href":"https:\/\/democraciaactiva.eu\/index.php?rest_route=%2Fwp%2Fv2%2Ftags&post=256"}],"curies":[{"name":"wp","href":"https:\/\/api.w.org\/{rel}","templated":true}]}}