{"id":25,"date":"2013-12-08T12:52:06","date_gmt":"2013-12-08T11:52:06","guid":{"rendered":"http:\/\/democraciaactiva.eu\/?p=25"},"modified":"2013-12-08T12:52:06","modified_gmt":"2013-12-08T11:52:06","slug":"a-belen-pastores","status":"publish","type":"post","link":"https:\/\/democraciaactiva.eu\/?p=25","title":{"rendered":"A Bel\u00e9n pastores&#8230;"},"content":{"rendered":"<p><a href=\"https:\/\/democraciaactiva.eu\/wp-content\/uploads\/2013\/12\/A-Bel\u00e9n-pastores....jpg\"><img decoding=\"async\" loading=\"lazy\" src=\"https:\/\/democraciaactiva.eu\/wp-content\/uploads\/2013\/12\/A-Bel\u00e9n-pastores...-300x225.jpg\" alt=\"A Bel\u00e9n pastores...\" width=\"300\" height=\"225\" class=\"alignleft size-medium wp-image-26\" \/><\/a> Aqu\u00ed tenemos al monarca y su corte a punto de iniciar su discurso con un&#8230; \u00abMe llena de oggullo y satisfagsi\u00f3n&#8230;\u00bb<br \/>\nEl objeto de la reuni\u00f3n no era otro que, seg\u00fan la nota de prensa oficial, saludarles y \u00abexplicarles a grandes rasgos en qu\u00e9 consistir\u00e1 su labor\u00bb. No hay m\u00e1s informaci\u00f3n sobre estas \u00abexplicaciones\u00bb aunque, por una alergia imprevista a las herramientas, tuvo que reducirse a una clase te\u00f3rica.<\/p>\n<p>Todos sabemos qu\u00e9 cuenta la sabidur\u00eda popular de las \u00abreuniones de pastores\u00bb, pero no dejan de repetirse este tipo de actos, a los que casi asisten m\u00e1s Concejales que trabajadores, demostrando cu\u00e1n poco tienen que hacer en el Consistorio para estar todo el d\u00eda de saludas y dem\u00e1s. Probablemente nadie les esperar\u00e1 en sus despachos o no tengan nada que hacer en ellos, y est\u00e1 claro que cobrar\u00e1n lo mismo a final de mes tanto si van por all\u00ed como si no, pero&#8230; \u00bfes necesario que lo demuestren tan abiertamente?, \u00bfno es suficiente con saquear de los impuestos de los ciudadanos miles de euros por dar pase\u00edtos?<\/p>\n<p>Basta echar un vistazo a la imagen para darse cuenta de la ilusi\u00f3n que gener\u00f3 en los trabajadores tal concentraci\u00f3n de poder municipal&#8230; y gracias a su presencia hoy ser\u00e1n m\u00e1s productivos en su labor. Al parecer la solicitud de estos puestos de trabajo inclu\u00eda la cesi\u00f3n de su imagen para campa\u00f1a de los pol\u00edticos de turno&#8230; <\/p>\n","protected":false},"excerpt":{"rendered":"<div class=\"mh-excerpt\"><p>Aqu\u00ed tenemos al monarca y su corte a punto de iniciar su discurso con un&#8230; \u00abMe llena de oggullo y satisfagsi\u00f3n&#8230;\u00bb El objeto de la <a class=\"mh-excerpt-more\" href=\"https:\/\/democraciaactiva.eu\/?p=25\" title=\"A Bel\u00e9n pastores&#8230;\">[&#8230;]<\/a><\/p>\n<\/div>","protected":false},"author":1,"featured_media":0,"comment_status":"open","ping_status":"open","sticky":false,"template":"","format":"standard","meta":[],"categories":[12],"tags":[],"_links":{"self":[{"href":"https:\/\/democraciaactiva.eu\/index.php?rest_route=\/wp\/v2\/posts\/25"}],"collection":[{"href":"https:\/\/democraciaactiva.eu\/index.php?rest_route=\/wp\/v2\/posts"}],"about":[{"href":"https:\/\/democraciaactiva.eu\/index.php?rest_route=\/wp\/v2\/types\/post"}],"author":[{"embeddable":true,"href":"https:\/\/democraciaactiva.eu\/index.php?rest_route=\/wp\/v2\/users\/1"}],"replies":[{"embeddable":true,"href":"https:\/\/democraciaactiva.eu\/index.php?rest_route=%2Fwp%2Fv2%2Fcomments&post=25"}],"version-history":[{"count":0,"href":"https:\/\/democraciaactiva.eu\/index.php?rest_route=\/wp\/v2\/posts\/25\/revisions"}],"wp:attachment":[{"href":"https:\/\/democraciaactiva.eu\/index.php?rest_route=%2Fwp%2Fv2%2Fmedia&parent=25"}],"wp:term":[{"taxonomy":"category","embeddable":true,"href":"https:\/\/democraciaactiva.eu\/index.php?rest_route=%2Fwp%2Fv2%2Fcategories&post=25"},{"taxonomy":"post_tag","embeddable":true,"href":"https:\/\/democraciaactiva.eu\/index.php?rest_route=%2Fwp%2Fv2%2Ftags&post=25"}],"curies":[{"name":"wp","href":"https:\/\/api.w.org\/{rel}","templated":true}]}}