{"id":240,"date":"2014-05-30T20:45:57","date_gmt":"2014-05-30T19:45:57","guid":{"rendered":"http:\/\/democraciaactiva.eu\/?p=240"},"modified":"2014-05-30T20:45:57","modified_gmt":"2014-05-30T19:45:57","slug":"politicos-en-las-redes-sociales-no-gracias","status":"publish","type":"post","link":"https:\/\/democraciaactiva.eu\/?p=240","title":{"rendered":"Pol\u00edticos en las redes sociales: lea pero no pregunte, gracias."},"content":{"rendered":"<div id=\"id_5388df0cee3473368150986\" class=\"text_exposed_root text_exposed\">Algunos \u00abrepresentantes p\u00fablicos\u00bb pretenden fomentar el uso de las redes sociales para poder dar portazo m\u00e1s f\u00e1cilmente a los ciudadanos. Usan los medios para su publicidad institucional o de partido (que cuesta diferenciarla tambi\u00e9n) como <span class=\"text_exposed_hide\">&#8230;<\/span><span class=\"text_exposed_show\">si fuese un servicio municipal m\u00e1s, pero cuando el ciudadano quiere consultar&#8230;. entonces resulta que debe usar los \u00abcanales oficiales\u00bb.<br \/>\n<a href=\"https:\/\/democraciaactiva.eu\/wp-content\/uploads\/2014\/05\/Divervacaciones.jpg\"><img decoding=\"async\" loading=\"lazy\" class=\"aligncenter size-medium wp-image-241\" src=\"https:\/\/democraciaactiva.eu\/wp-content\/uploads\/2014\/05\/Divervacaciones-233x300.jpg\" alt=\"Divervacaciones\" width=\"233\" height=\"300\" \/><\/a><br \/>\nComo nosotros usamos poco twitter, tendr\u00e1n que ir buscando otras excusas&#8230; El ciudadano tiene derecho a preguntar y recibir respuestas, por mucho que algun@s piensen que pueden guardar silencio eternamente.<\/span><span class=\"text_exposed_hide\"> <a href=\"https:\/\/democraciaactiva.eu\/wp-content\/uploads\/2014\/05\/S14220.jpg\"><img decoding=\"async\" loading=\"lazy\" class=\"aligncenter size-medium wp-image-242\" src=\"https:\/\/democraciaactiva.eu\/wp-content\/uploads\/2014\/05\/S14220-212x300.jpg\" alt=\"S14220\" width=\"212\" height=\"300\" \/><\/a><\/span><\/div>\n<p>&nbsp; <\/p>\n","protected":false},"excerpt":{"rendered":"<div class=\"mh-excerpt\"><p>Algunos \u00abrepresentantes p\u00fablicos\u00bb pretenden fomentar el uso de las redes sociales para poder dar portazo m\u00e1s f\u00e1cilmente a los ciudadanos. Usan los medios para su <a class=\"mh-excerpt-more\" href=\"https:\/\/democraciaactiva.eu\/?p=240\" title=\"Pol\u00edticos en las redes sociales: lea pero no pregunte, gracias.\">[&#8230;]<\/a><\/p>\n<\/div>","protected":false},"author":1,"featured_media":0,"comment_status":"open","ping_status":"open","sticky":false,"template":"","format":"standard","meta":[],"categories":[12],"tags":[],"_links":{"self":[{"href":"https:\/\/democraciaactiva.eu\/index.php?rest_route=\/wp\/v2\/posts\/240"}],"collection":[{"href":"https:\/\/democraciaactiva.eu\/index.php?rest_route=\/wp\/v2\/posts"}],"about":[{"href":"https:\/\/democraciaactiva.eu\/index.php?rest_route=\/wp\/v2\/types\/post"}],"author":[{"embeddable":true,"href":"https:\/\/democraciaactiva.eu\/index.php?rest_route=\/wp\/v2\/users\/1"}],"replies":[{"embeddable":true,"href":"https:\/\/democraciaactiva.eu\/index.php?rest_route=%2Fwp%2Fv2%2Fcomments&post=240"}],"version-history":[{"count":0,"href":"https:\/\/democraciaactiva.eu\/index.php?rest_route=\/wp\/v2\/posts\/240\/revisions"}],"wp:attachment":[{"href":"https:\/\/democraciaactiva.eu\/index.php?rest_route=%2Fwp%2Fv2%2Fmedia&parent=240"}],"wp:term":[{"taxonomy":"category","embeddable":true,"href":"https:\/\/democraciaactiva.eu\/index.php?rest_route=%2Fwp%2Fv2%2Fcategories&post=240"},{"taxonomy":"post_tag","embeddable":true,"href":"https:\/\/democraciaactiva.eu\/index.php?rest_route=%2Fwp%2Fv2%2Ftags&post=240"}],"curies":[{"name":"wp","href":"https:\/\/api.w.org\/{rel}","templated":true}]}}