{"id":235,"date":"2014-05-30T20:36:42","date_gmt":"2014-05-30T19:36:42","guid":{"rendered":"http:\/\/democraciaactiva.eu\/?p=235"},"modified":"2014-05-30T20:36:42","modified_gmt":"2014-05-30T19:36:42","slug":"desahuciar-o-no-deshauciar-esa-es-la-cuestion","status":"publish","type":"post","link":"https:\/\/democraciaactiva.eu\/?p=235","title":{"rendered":"Desahuciar o no deshauciar, esa es la cuesti\u00f3n."},"content":{"rendered":"<p>Hay cosas que resultan dif\u00edciles de entender, aunque de ciertos pol\u00edticos todo puede esperarse.<\/p>\n<p>Un buen d\u00eda el Ayuntamiento de San Roque anuncia a bombo y platillo que <a href=\"http:\/\/www.sanroque.es\/content\/el-ayuntamiento-se-suma-un-programa-auton-mico-para-ayudar-familias-en-riesgo-de-desahucio\" target=\"_blank\">se han sumado a un programa para ayuda a familias en riesgo de desahucio&#8230;<\/a><\/p>\n<p>Por otro, la Junta de Andaluc\u00eda llega incluso a <a href=\"http:\/\/www.diariodecadiz.es\/article\/provincia\/1549718\/la\/junta\/expropia\/una\/vivienda\/san\/roque\/para\/evitar\/desahucio.html\" target=\"_blank\">expropiar viviendas para evitar desahucios <\/a>(o eso dicen)<\/p>\n<p>Y sin embargo, el Ayuntamiento de San Roque<a href=\"http:\/\/www.sanropolis.com\/desahucian-a-una-familia-de-puente-mayorga-con-la-intervencion-de-la-guardia-civil\/\" target=\"_blank\"> un buen d\u00eda decide directamente deshauciar a familias de VPO <\/a>afirmando adem\u00e1s <strong>que pretende que estos deshaucios sean \u00abejemplarizantes\u00bb&#8230;<\/strong> \u00bfen qu\u00e9 quedamos?, \u00bf\u00e9sta es la forma de ayudar a las familias?, \u00bfdej\u00e1ndolas en la calle?&#8230; Ah, bueno, tal vez sea porque ya han pasado las elecciones y hasta dentro de unos meses no hay motivo para sacar la cara amable otra vez&#8230;<\/p>\n<p>La familia podr\u00eda ser -o tal vez sea la siguiente- <a href=\"http:\/\/puertoreal.cnt.es\/en\/denuncias\/1836-desahucio-en-san-roque.html\" target=\"_blank\">la que pidi\u00f3 ayuda tiempo atr\u00e1s <\/a>porque no le respond\u00edan ya del propio Ayuntamiento&#8230;<\/p>\n<p>Hay que recordar que San Roque tiene una Ordenanza Municipal para el acceso a la vivienda protegida por la que <strong>basta tener menos de 35 a\u00f1os para obtener la m\u00e1xima puntuaci\u00f3n<\/strong>. Cualquier otra circunstancia a\u00f1adida (v\u00edctimas de violencia de g\u00e9nero, familias monoparentales, numerosas, discapacitados, etc) no se tiene en cuenta en la baremaci\u00f3n.<\/p>\n<p>Es m\u00e1s, aunque la absurda ordenanza en un momento dado punt\u00faa el tener ingresos por debajo del salario m\u00ednimo, por otro exige demostrar la solvencia econ\u00f3mica para poder acceder al procedimiento&#8230; \u00bfen qu\u00e9 quedamos?,<strong> \u00bflas viviendas protegidas son para gente que las necesite o para \u00abprotegidos\u00bb del pol\u00edtico de turno?&#8230;<\/strong> <\/p>\n","protected":false},"excerpt":{"rendered":"<div class=\"mh-excerpt\"><p>Hay cosas que resultan dif\u00edciles de entender, aunque de ciertos pol\u00edticos todo puede esperarse. Un buen d\u00eda el Ayuntamiento de San Roque anuncia a bombo <a class=\"mh-excerpt-more\" href=\"https:\/\/democraciaactiva.eu\/?p=235\" title=\"Desahuciar o no deshauciar, esa es la cuesti\u00f3n.\">[&#8230;]<\/a><\/p>\n<\/div>","protected":false},"author":1,"featured_media":0,"comment_status":"open","ping_status":"open","sticky":false,"template":"","format":"standard","meta":[],"categories":[12],"tags":[],"_links":{"self":[{"href":"https:\/\/democraciaactiva.eu\/index.php?rest_route=\/wp\/v2\/posts\/235"}],"collection":[{"href":"https:\/\/democraciaactiva.eu\/index.php?rest_route=\/wp\/v2\/posts"}],"about":[{"href":"https:\/\/democraciaactiva.eu\/index.php?rest_route=\/wp\/v2\/types\/post"}],"author":[{"embeddable":true,"href":"https:\/\/democraciaactiva.eu\/index.php?rest_route=\/wp\/v2\/users\/1"}],"replies":[{"embeddable":true,"href":"https:\/\/democraciaactiva.eu\/index.php?rest_route=%2Fwp%2Fv2%2Fcomments&post=235"}],"version-history":[{"count":0,"href":"https:\/\/democraciaactiva.eu\/index.php?rest_route=\/wp\/v2\/posts\/235\/revisions"}],"wp:attachment":[{"href":"https:\/\/democraciaactiva.eu\/index.php?rest_route=%2Fwp%2Fv2%2Fmedia&parent=235"}],"wp:term":[{"taxonomy":"category","embeddable":true,"href":"https:\/\/democraciaactiva.eu\/index.php?rest_route=%2Fwp%2Fv2%2Fcategories&post=235"},{"taxonomy":"post_tag","embeddable":true,"href":"https:\/\/democraciaactiva.eu\/index.php?rest_route=%2Fwp%2Fv2%2Ftags&post=235"}],"curies":[{"name":"wp","href":"https:\/\/api.w.org\/{rel}","templated":true}]}}