{"id":229,"date":"2014-05-24T10:32:31","date_gmt":"2014-05-24T09:32:31","guid":{"rendered":"http:\/\/democraciaactiva.eu\/?p=229"},"modified":"2014-05-24T10:32:31","modified_gmt":"2014-05-24T09:32:31","slug":"dca-pedira-informacion-sobre-el-uso-del-radar-movil-de-trafico-en-la-comarca","status":"publish","type":"post","link":"https:\/\/democraciaactiva.eu\/?p=229","title":{"rendered":"DCA pedir\u00e1 informaci\u00f3n sobre el uso del radar m\u00f3vil de Tr\u00e1fico en la comarca."},"content":{"rendered":"<p>La Asociaci\u00f3n Defensa Ciudadana Activa pedir\u00e1 explicaciones sobre la utilizaci\u00f3n del veh\u00edculo de radar m\u00f3vil de la Agrupaci\u00f3n de Tr\u00e1fico perteneciente a la Comandancia de Algeciras.<\/p>\n<p>La consulta, que se dirigir\u00e1 a la Jefatura Provincial de Tr\u00e1fico, <strong>se referir\u00e1 a la ubicaci\u00f3n del radar m\u00f3vil en distintos puntos del arc\u00e9n izquierdo de la autov\u00eda A7<\/strong> entre los kms. 128 y 131, \u201cvulnerando claramente el art. 90 del Reglamento General de Circulaci\u00f3n as\u00ed como la normativa interna de la Agrupaci\u00f3n de Tr\u00e1fico\u00bb.<\/p>\n<p>\u201c<strong>El estacionamiento de un veh\u00edculo en zona prohibida por el Reglamento General de Circulaci\u00f3n entre San Roque Club y Sotogrande entendemos que no procede y supone un peligro para la circulaci\u00f3n<\/strong>, aunque activen los luminosos para poder salir del \u201cescondite\u201d donde se han metido y con ello detengan la circulaci\u00f3n.\u201d, criticaron.<\/p>\n<p>Por otro lado, en estas ubicaciones consideran complicado que puedan detener a los conductores, ya que \u201cun veh\u00edculo que pase por el control que habitualmente sit\u00faan antes de la salida 131 de la A7 sentido M\u00e1laga puede salir hacia Sotogrande por esa salida, tomar la Autopista hacia M\u00e1laga o salir por la autov\u00eda, y resulta muy complicado establecer puntos de control en todas esas salidas.\u201d, informaron.<\/p>\n<p>La normativa interna de la Agrupaci\u00f3n de Tr\u00e1fico establece que <strong>en esos casos deber\u00edan activarse paneles de se\u00f1alizaci\u00f3n variable o pantallas alfanum\u00e9ricas con una antelaci\u00f3n m\u00ednima de 1 Km<\/strong>. Por \u00faltimo DCA resalt\u00f3 que el tercer p\u00e1rrafo del art. 3.1.3 de la citada normativa establece que \u201c<strong>bajo ning\u00fan concepto se situar\u00e1n los veh\u00edculos escondidos<\/strong>\u201d, algo que, a juicio de DCA, \u201cse incumple reiterada y sistem\u00e1ticamente pudiendo llegar a verse el veh\u00edculo en zonas sin arc\u00e9n metido entre \u00e1rboles, como es el caso de la recta desde El Secadero hacia San Enrique (Ctra. A2102)\u201d, denunciaron.<\/p>\n<p>Tras la solicitud de distintos datos y estad\u00edsticas DCA estudiar\u00e1 presentar fotograf\u00edas de los veh\u00edculos empleados y su ubicaci\u00f3n, remitiendo su queja directamente al Ministerio del Interior en caso de que no cambien estas pr\u00e1cticas.<\/p>\n<figure id=\"attachment_230\" aria-describedby=\"caption-attachment-230\" style=\"width: 300px\" class=\"wp-caption aligncenter\"><a href=\"https:\/\/democraciaactiva.eu\/wp-content\/uploads\/2014\/05\/Zona-1.jpg\"><img decoding=\"async\" loading=\"lazy\" class=\"wp-image-230 size-medium\" src=\"https:\/\/democraciaactiva.eu\/wp-content\/uploads\/2014\/05\/Zona-1-300x200.jpg\" alt=\"\" width=\"300\" height=\"200\" \/><\/a><figcaption id=\"caption-attachment-230\" class=\"wp-caption-text\">Zona de estacionamiento radar m\u00f3vil en Sotogrande<\/figcaption><\/figure>\n<figure id=\"attachment_231\" aria-describedby=\"caption-attachment-231\" style=\"width: 214px\" class=\"wp-caption aligncenter\"><a href=\"https:\/\/democraciaactiva.eu\/wp-content\/uploads\/2014\/05\/Normas_de_la_Agrupacio\u0301n_respecto_al_radar.jpg\"><img decoding=\"async\" loading=\"lazy\" class=\"wp-image-231 size-medium\" src=\"https:\/\/democraciaactiva.eu\/wp-content\/uploads\/2014\/05\/Normas_de_la_Agrupacio\u0301n_respecto_al_radar-214x300.jpg\" alt=\"Normas_de_la_Agrupacio\u0301n_respecto_al_radar\" width=\"214\" height=\"300\" \/><\/a><figcaption id=\"caption-attachment-231\" class=\"wp-caption-text\">Normativa de Tr\u00e1fico sobre uso de radar m\u00f3vil<\/figcaption><\/figure>\n<p>&nbsp; <\/p>\n","protected":false},"excerpt":{"rendered":"<div class=\"mh-excerpt\"><p>La Asociaci\u00f3n Defensa Ciudadana Activa pedir\u00e1 explicaciones sobre la utilizaci\u00f3n del veh\u00edculo de radar m\u00f3vil de la Agrupaci\u00f3n de Tr\u00e1fico perteneciente a la Comandancia de <a class=\"mh-excerpt-more\" href=\"https:\/\/democraciaactiva.eu\/?p=229\" title=\"DCA pedir\u00e1 informaci\u00f3n sobre el uso del radar m\u00f3vil de Tr\u00e1fico en la comarca.\">[&#8230;]<\/a><\/p>\n<\/div>","protected":false},"author":1,"featured_media":0,"comment_status":"open","ping_status":"open","sticky":false,"template":"","format":"standard","meta":[],"categories":[12],"tags":[],"_links":{"self":[{"href":"https:\/\/democraciaactiva.eu\/index.php?rest_route=\/wp\/v2\/posts\/229"}],"collection":[{"href":"https:\/\/democraciaactiva.eu\/index.php?rest_route=\/wp\/v2\/posts"}],"about":[{"href":"https:\/\/democraciaactiva.eu\/index.php?rest_route=\/wp\/v2\/types\/post"}],"author":[{"embeddable":true,"href":"https:\/\/democraciaactiva.eu\/index.php?rest_route=\/wp\/v2\/users\/1"}],"replies":[{"embeddable":true,"href":"https:\/\/democraciaactiva.eu\/index.php?rest_route=%2Fwp%2Fv2%2Fcomments&post=229"}],"version-history":[{"count":0,"href":"https:\/\/democraciaactiva.eu\/index.php?rest_route=\/wp\/v2\/posts\/229\/revisions"}],"wp:attachment":[{"href":"https:\/\/democraciaactiva.eu\/index.php?rest_route=%2Fwp%2Fv2%2Fmedia&parent=229"}],"wp:term":[{"taxonomy":"category","embeddable":true,"href":"https:\/\/democraciaactiva.eu\/index.php?rest_route=%2Fwp%2Fv2%2Fcategories&post=229"},{"taxonomy":"post_tag","embeddable":true,"href":"https:\/\/democraciaactiva.eu\/index.php?rest_route=%2Fwp%2Fv2%2Ftags&post=229"}],"curies":[{"name":"wp","href":"https:\/\/api.w.org\/{rel}","templated":true}]}}