{"id":224,"date":"2014-05-23T16:07:24","date_gmt":"2014-05-23T15:07:24","guid":{"rendered":"http:\/\/democraciaactiva.eu\/?p=224"},"modified":"2014-05-23T16:07:24","modified_gmt":"2014-05-23T15:07:24","slug":"el-ministerio-del-interior-califica-los-actos-de-cadiz-como-carentes-de-caracter-publico","status":"publish","type":"post","link":"https:\/\/democraciaactiva.eu\/?p=224","title":{"rendered":"El Ministerio del Interior califica los actos de C\u00e1diz como carentes de car\u00e1cter p\u00fablico."},"content":{"rendered":"<p>Tras informar y <a href=\"https:\/\/democraciaactiva.eu\/?p=166\" target=\"_blank\">solicitar explicaciones al Ministerio del Interior<\/a>, as\u00ed como a los distintos Grupos Parlamentarios, se ha recibido respuesta de la primera sobre los actos celebrados el pasado 23 de marzo en la Comandancia de C\u00e1diz, fecha en la que se hab\u00eda decretado luto nacional.<\/p>\n<p>Seg\u00fan el Gabinete T\u00e9cnico, los actos de \u00abImposici\u00f3n de Faja\u00bb al General de Brigada de la Guardia Civil D. Antonio Toc\u00f3n D\u00edez corresponden al c\u00edrculo personal y privado del General, y carecen de car\u00e1cter p\u00fablico alguno. Esta respuesta no parece, en principio, <a href=\"http:\/\/www.diariodecadiz.es\/article\/provincia\/1736896\/antonio\/tocon\/ya\/luce\/fajin\/general\/brigada\/la\/guardia\/civil.html\" target=\"_blank\">acorde a la situaci\u00f3n que se gener\u00f3<\/a>, con asistencia de medios de comunicaci\u00f3n, numerosos mandos militares, autoridades civiles como la propia Alcaldesa de C\u00e1diz, reservas realizadas en la Comandancia para los asistentes, e incluso desfile para la ocasi\u00f3n ante m\u00e1s de 300 personas.<\/p>\n<p>Cabe recordar que estos actos <a href=\"http:\/\/andaluciainformacion.es\/diputacion-al-dia\/393344\/la-augc-tacha-de-falta-de-respeto-institucional-el-acto-de-imposicion-de-la-faja-de-general-a-tocon\/\" target=\"_blank\">generaron indignaci\u00f3n en los colectivos de agentes<\/a> que consideraban que no se respetaba la normativa durante el luto nacional.<\/p>\n<p>Desde DCA entienden que no queda claro el concepto de \u00abacto carente de car\u00e1cter p\u00fablico\u00bb, por lo que probablemente realicen la consulta oportuna adem\u00e1s de solicitar informaci\u00f3n sobre los agentes y medios que fueron movilizados, con la l\u00f3gica merma en el servicio a los ciudadanos, exclusivamente para el \u00abc\u00edrculo personal y privado del General\u00bb.<\/p>\n<p><a href=\"https:\/\/democraciaactiva.eu\/wp-content\/uploads\/2014\/05\/E14144.jpg\"><img decoding=\"async\" loading=\"lazy\" class=\"aligncenter size-medium wp-image-227\" src=\"https:\/\/democraciaactiva.eu\/wp-content\/uploads\/2014\/05\/E14144-210x300.jpg\" alt=\"E14144\" width=\"210\" height=\"300\" \/><\/a> <\/p>\n","protected":false},"excerpt":{"rendered":"<div class=\"mh-excerpt\"><p>Tras informar y solicitar explicaciones al Ministerio del Interior, as\u00ed como a los distintos Grupos Parlamentarios, se ha recibido respuesta de la primera sobre los <a class=\"mh-excerpt-more\" href=\"https:\/\/democraciaactiva.eu\/?p=224\" title=\"El Ministerio del Interior califica los actos de C\u00e1diz como carentes de car\u00e1cter p\u00fablico.\">[&#8230;]<\/a><\/p>\n<\/div>","protected":false},"author":1,"featured_media":0,"comment_status":"open","ping_status":"open","sticky":false,"template":"","format":"standard","meta":[],"categories":[12],"tags":[],"_links":{"self":[{"href":"https:\/\/democraciaactiva.eu\/index.php?rest_route=\/wp\/v2\/posts\/224"}],"collection":[{"href":"https:\/\/democraciaactiva.eu\/index.php?rest_route=\/wp\/v2\/posts"}],"about":[{"href":"https:\/\/democraciaactiva.eu\/index.php?rest_route=\/wp\/v2\/types\/post"}],"author":[{"embeddable":true,"href":"https:\/\/democraciaactiva.eu\/index.php?rest_route=\/wp\/v2\/users\/1"}],"replies":[{"embeddable":true,"href":"https:\/\/democraciaactiva.eu\/index.php?rest_route=%2Fwp%2Fv2%2Fcomments&post=224"}],"version-history":[{"count":0,"href":"https:\/\/democraciaactiva.eu\/index.php?rest_route=\/wp\/v2\/posts\/224\/revisions"}],"wp:attachment":[{"href":"https:\/\/democraciaactiva.eu\/index.php?rest_route=%2Fwp%2Fv2%2Fmedia&parent=224"}],"wp:term":[{"taxonomy":"category","embeddable":true,"href":"https:\/\/democraciaactiva.eu\/index.php?rest_route=%2Fwp%2Fv2%2Fcategories&post=224"},{"taxonomy":"post_tag","embeddable":true,"href":"https:\/\/democraciaactiva.eu\/index.php?rest_route=%2Fwp%2Fv2%2Ftags&post=224"}],"curies":[{"name":"wp","href":"https:\/\/api.w.org\/{rel}","templated":true}]}}