{"id":217,"date":"2014-05-23T05:50:20","date_gmt":"2014-05-23T04:50:20","guid":{"rendered":"http:\/\/democraciaactiva.eu\/?p=217"},"modified":"2014-05-23T05:50:20","modified_gmt":"2014-05-23T04:50:20","slug":"citan-al-ayuntamiento-de-san-roque-a-juicio-verbal-en-octubre","status":"publish","type":"post","link":"https:\/\/democraciaactiva.eu\/?p=217","title":{"rendered":"Citan al Ayuntamiento de San Roque a juicio verbal en octubre."},"content":{"rendered":"<p><a href=\"https:\/\/democraciaactiva.eu\/wp-content\/uploads\/2014\/05\/Mi-Ayuntamiento-22-11-13.jpg\"><img decoding=\"async\" loading=\"lazy\" class=\"aligncenter size-medium wp-image-221\" src=\"https:\/\/democraciaactiva.eu\/wp-content\/uploads\/2014\/05\/Mi-Ayuntamiento-22-11-13-300x135.jpg\" alt=\"Mi Ayuntamiento 22-11-13\" width=\"300\" height=\"135\" \/><\/a>El Juzgado mixto n\u00ba 1 ha citado para el pr\u00f3ximo mes de octubre al Ayuntamiento de San Roque, al objeto de celebrar juicio verbal por derecho de rectificaci\u00f3n solicitado por Defensa Ciudadana Activa.<\/p>\n<p>Cabe recordar que el Ayuntamiento acus\u00f3 el pasado mes de noviembre, a trav\u00e9s del gabinete de prensa municipal, a esta asociaci\u00f3n de haber suplantado la identidad de empleados municipales, al tiempo que informaba que denunciar\u00eda a su presidente como responsable y pasar\u00eda los datos de \u00e9ste a un trabajador jubilado para que igualmente le denunciara.<\/p>\n<p>A pesar de ello, seis meses despu\u00e9s el Ayuntamiento a\u00fan no ha presentado denuncia alguna contra ning\u00fan miembro de DCA, y el propio Alcalde se excus\u00f3 en un acto judicial anterior afirmando que \u201c\u00e9l no es el Ayuntamiento, ni al parecer sabe qui\u00e9n es, por lo que no se hace responsable.\u201d, ironizaron.<\/p>\n<p>DCA considera totalmente falsas las acusaciones del \u201cAyuntamiento\u201d, aunque a fecha de hoy sigue sin conocerse qui\u00e9n las realiz\u00f3 realmente, por lo que inst\u00f3 a su rectificaci\u00f3n y al no producirse inici\u00f3 las correspondientes acciones legales. <strong>\u201cPuede que nos hayan confundido con sus rivales pol\u00edticos y por eso hayan comenzado a calumniarnos, pero como ciudadanos no podemos permitir esa actitud. Si aprovech\u00e1ndose de los medios de una administraci\u00f3n p\u00fablica amenazan con denunciarnos deben hacerlo o rectificar, no cabe tirar la piedra y esconder la mano.\u201d<\/strong>, insistieron.<\/p>\n<p>De este modo, DCA espera que puedan aclararse los hechos cuando, tras anunciar la puesta en marcha de un portal municipal que nunca se produjo, advirtieron vulnerabilidades en su sistema que dejaban al descubierto datos de empleados municipales.<\/p>\n<p>Entre los testigos que se espera acudan al juicio se ha solicitado la intervenci\u00f3n del responsable municipal del Centro de Proceso de Datos, a efectos de tener su versi\u00f3n de los hechos y contrastarla con los datos que aportar\u00e1n desde DCA. <\/p>\n","protected":false},"excerpt":{"rendered":"<div class=\"mh-excerpt\"><p>El Juzgado mixto n\u00ba 1 ha citado para el pr\u00f3ximo mes de octubre al Ayuntamiento de San Roque, al objeto de celebrar juicio verbal por <a class=\"mh-excerpt-more\" href=\"https:\/\/democraciaactiva.eu\/?p=217\" title=\"Citan al Ayuntamiento de San Roque a juicio verbal en octubre.\">[&#8230;]<\/a><\/p>\n<\/div>","protected":false},"author":1,"featured_media":0,"comment_status":"open","ping_status":"open","sticky":false,"template":"","format":"standard","meta":[],"categories":[12],"tags":[],"_links":{"self":[{"href":"https:\/\/democraciaactiva.eu\/index.php?rest_route=\/wp\/v2\/posts\/217"}],"collection":[{"href":"https:\/\/democraciaactiva.eu\/index.php?rest_route=\/wp\/v2\/posts"}],"about":[{"href":"https:\/\/democraciaactiva.eu\/index.php?rest_route=\/wp\/v2\/types\/post"}],"author":[{"embeddable":true,"href":"https:\/\/democraciaactiva.eu\/index.php?rest_route=\/wp\/v2\/users\/1"}],"replies":[{"embeddable":true,"href":"https:\/\/democraciaactiva.eu\/index.php?rest_route=%2Fwp%2Fv2%2Fcomments&post=217"}],"version-history":[{"count":0,"href":"https:\/\/democraciaactiva.eu\/index.php?rest_route=\/wp\/v2\/posts\/217\/revisions"}],"wp:attachment":[{"href":"https:\/\/democraciaactiva.eu\/index.php?rest_route=%2Fwp%2Fv2%2Fmedia&parent=217"}],"wp:term":[{"taxonomy":"category","embeddable":true,"href":"https:\/\/democraciaactiva.eu\/index.php?rest_route=%2Fwp%2Fv2%2Fcategories&post=217"},{"taxonomy":"post_tag","embeddable":true,"href":"https:\/\/democraciaactiva.eu\/index.php?rest_route=%2Fwp%2Fv2%2Ftags&post=217"}],"curies":[{"name":"wp","href":"https:\/\/api.w.org\/{rel}","templated":true}]}}