{"id":213,"date":"2014-05-21T20:27:19","date_gmt":"2014-05-21T19:27:19","guid":{"rendered":"http:\/\/democraciaactiva.eu\/?p=213"},"modified":"2014-05-21T20:27:19","modified_gmt":"2014-05-21T19:27:19","slug":"preguntan-por-los-resultados-de-la-empresa-de-recogida-de-animales-en-san-roque","status":"publish","type":"post","link":"https:\/\/democraciaactiva.eu\/?p=213","title":{"rendered":"Preguntan por los resultados de la empresa de recogida de animales en San Roque."},"content":{"rendered":"<p>Desde la Asociaci\u00f3n Defensa Ciudadana Activa se remiti\u00f3, tras el anuncio de la contrataci\u00f3n de una pol\u00e9mica empresa de recogida de animales, petici\u00f3n de informaci\u00f3n sobre las gestiones llevadas a cabo y detalles del proyecto. \u201cConsider\u00e1bamos que con el coste de esta empresa, de casi 1.500 euros mensuales, <strong>se pod\u00edan potenciar las protectoras existentes y no compartimos los m\u00e9todos por los que se ha hecho tristemente famosa.<\/strong>\u201d, indicaron.<\/p>\n<p>Transcurrido un mes desde que se hiciera p\u00fablico, DCA considera importante conocer qu\u00e9 resultado ha tenido. \u201cEsperamos que se pueda informar de <strong>cu\u00e1ntos animales se han recogido y qu\u00e9 destino se les ha dado<\/strong>, y dado que desde la Alcald\u00eda se alegraba tanto de la contrataci\u00f3n imaginamos que ser\u00e1 a largo plazo, por lo que solicitaremos peri\u00f3dicamente esta informaci\u00f3n.\u201d<\/p>\n<p>Aunque el Ayuntamiento de San Roque no ha contestado al primer requerimiento realizado nada m\u00e1s conocer la contrataci\u00f3n, desde DCA se entiende que \u201clos ciudadanos tienen derecho a saber qu\u00e9 se hace con sus impuestos y qu\u00e9 pol\u00edtica siguen los gobernantes hacia los animales, si de protecci\u00f3n o exterminio.\u201d, por lo que insistieron en que remitir\u00e1n peri\u00f3dicamente mientras dure la contrataci\u00f3n de esta empresa solicitudes de informaci\u00f3n sobre el resultado de su gesti\u00f3n.<\/p>\n<p>El colectivo considera que, sobre todo teniendo en cuenta la pol\u00e9mica que arrastra la empresa contratada por los m\u00e9todos que emplea, \u201cquienes los han contratado son igualmente responsables del trato que den a los animales\u201d, insistieron.<\/p>\n<p>En este sentido DCA record\u00f3 las denuncias que se han realizado contra empresas de este tipo por maltrato animal, \u201ca pesar de lo cual en el Campo de Gibraltar han ampliado sus contratos en varias localidades, incluyendo la \u00faltima de San Roque\u201d, denunciaron.<\/p>\n<p><a title=\"Nota de prensa\" href=\"http:\/\/www.eldiario.es\/andalucia\/empresario-maltrato-Algeciras-Linea-Barrios_0_223627974.html\" target=\"_blank\">Nota de prensa sobre\u00a0los m\u00e9todos\u00a0de la protectora<\/a><\/p>\n<p>&nbsp; <\/p>\n","protected":false},"excerpt":{"rendered":"<div class=\"mh-excerpt\"><p>Desde la Asociaci\u00f3n Defensa Ciudadana Activa se remiti\u00f3, tras el anuncio de la contrataci\u00f3n de una pol\u00e9mica empresa de recogida de animales, petici\u00f3n de informaci\u00f3n <a class=\"mh-excerpt-more\" href=\"https:\/\/democraciaactiva.eu\/?p=213\" title=\"Preguntan por los resultados de la empresa de recogida de animales en San Roque.\">[&#8230;]<\/a><\/p>\n<\/div>","protected":false},"author":1,"featured_media":0,"comment_status":"open","ping_status":"open","sticky":false,"template":"","format":"standard","meta":[],"categories":[12],"tags":[],"_links":{"self":[{"href":"https:\/\/democraciaactiva.eu\/index.php?rest_route=\/wp\/v2\/posts\/213"}],"collection":[{"href":"https:\/\/democraciaactiva.eu\/index.php?rest_route=\/wp\/v2\/posts"}],"about":[{"href":"https:\/\/democraciaactiva.eu\/index.php?rest_route=\/wp\/v2\/types\/post"}],"author":[{"embeddable":true,"href":"https:\/\/democraciaactiva.eu\/index.php?rest_route=\/wp\/v2\/users\/1"}],"replies":[{"embeddable":true,"href":"https:\/\/democraciaactiva.eu\/index.php?rest_route=%2Fwp%2Fv2%2Fcomments&post=213"}],"version-history":[{"count":0,"href":"https:\/\/democraciaactiva.eu\/index.php?rest_route=\/wp\/v2\/posts\/213\/revisions"}],"wp:attachment":[{"href":"https:\/\/democraciaactiva.eu\/index.php?rest_route=%2Fwp%2Fv2%2Fmedia&parent=213"}],"wp:term":[{"taxonomy":"category","embeddable":true,"href":"https:\/\/democraciaactiva.eu\/index.php?rest_route=%2Fwp%2Fv2%2Fcategories&post=213"},{"taxonomy":"post_tag","embeddable":true,"href":"https:\/\/democraciaactiva.eu\/index.php?rest_route=%2Fwp%2Fv2%2Ftags&post=213"}],"curies":[{"name":"wp","href":"https:\/\/api.w.org\/{rel}","templated":true}]}}