{"id":210,"date":"2014-05-21T10:17:32","date_gmt":"2014-05-21T09:17:32","guid":{"rendered":"http:\/\/democraciaactiva.eu\/?p=210"},"modified":"2014-05-21T10:17:32","modified_gmt":"2014-05-21T09:17:32","slug":"piden-cambios-en-los-protocolos-para-prohibiciones-temporales","status":"publish","type":"post","link":"https:\/\/democraciaactiva.eu\/?p=210","title":{"rendered":"Piden cambios en los protocolos para prohibiciones temporales."},"content":{"rendered":"<p>Tras tener conocimiento de un suceso en la Avda. Virgen del Carmen de Algeciras semanas atr\u00e1s, DCA pedir\u00e1 al Ayuntamiento cambios en el protocolo de actuaci\u00f3n de la Polic\u00eda Local sobre prohibiciones temporales.<\/p>\n<p>El pasado 5 de Mayo un ciudadano estacion\u00f3 su veh\u00edculo correctamente en la Avda. Virgen del Carmen antes de trasladarse a otra ciudad para pasar una semana. D\u00edas m\u00e1s tarde el Ayuntamiento se\u00f1aliz\u00f3 la zona prohibiendo el estacionamiento para la fumigaci\u00f3n de las palmeras contra el picudo rojo.<\/p>\n<p>Pese a que la se\u00f1alizaci\u00f3n se coloc\u00f3 48 horas antes de la fumigaci\u00f3n, no se inform\u00f3 de los veh\u00edculos que se encontraban estacionados en ese momento, por lo que\u00a0na vez transcurrido el plazo la Polic\u00eda Local procedi\u00f3 a denunciar y retirar los veh\u00edculos all\u00ed estacionados.<\/p>\n<p>Tanto desde la delegaci\u00f3n de Parques y Jardines, como desde la empresa que realiz\u00f3 los trabajos (Recolte), hasta la propia Polic\u00eda Local, desconocen qu\u00e9 veh\u00edculos se encontraban estacionados el d\u00eda de la se\u00f1alizaci\u00f3n, por lo que se retiraron todos los existentes dos d\u00edas m\u00e1s tarde, sin tener en cuenta que los propietarios en ning\u00fan momento fueron informados.<\/p>\n<p>Al abono de la retirada del veh\u00edculo y el dep\u00f3sito durante esa semana deber\u00edan sumar la sanci\u00f3n por supuesto estacionamiento indebido, llegando a superar los 200 euros.<\/p>\n<p>Desde DCA se ha constatado que \u201cla Polic\u00eda Local parece entender el problema, pero argumentan que se ha cambiado la pol\u00edtica de actuaci\u00f3n en cuanto a las se\u00f1alizaciones temporales y s\u00f3lo se tiene en cuenta que se han colocado 48 horas antes de retirar los veh\u00edculos.\u201d Por ello solicitar\u00e1n que se informe en casos de se\u00f1alizaci\u00f3n temporal de qu\u00e9 veh\u00edculos se encuentran estacionados y, en caso de que permanezcan dos d\u00edas despu\u00e9s all\u00ed, sean retirados por necesidades del servicio pero sin coste para el ciudadano.<\/p>\n<p>\u201cNo pueden culpar a un ciudadano de incumplir prohibiciones de las que no ha sido informado, y entendemos que con unos peque\u00f1os cambios en el protocolo pueden evitarse este tipo de incidentes\u201d, finalizaron.<a href=\"https:\/\/democraciaactiva.eu\/wp-content\/uploads\/2014\/05\/Denuncia.jpg\"><img decoding=\"async\" loading=\"lazy\" class=\"aligncenter size-medium wp-image-211\" src=\"https:\/\/democraciaactiva.eu\/wp-content\/uploads\/2014\/05\/Denuncia-168x300.jpg\" alt=\"Denuncia\" width=\"168\" height=\"300\" \/><\/a> <\/p>\n","protected":false},"excerpt":{"rendered":"<div class=\"mh-excerpt\"><p>Tras tener conocimiento de un suceso en la Avda. Virgen del Carmen de Algeciras semanas atr\u00e1s, DCA pedir\u00e1 al Ayuntamiento cambios en el protocolo de <a class=\"mh-excerpt-more\" href=\"https:\/\/democraciaactiva.eu\/?p=210\" title=\"Piden cambios en los protocolos para prohibiciones temporales.\">[&#8230;]<\/a><\/p>\n<\/div>","protected":false},"author":1,"featured_media":0,"comment_status":"open","ping_status":"open","sticky":false,"template":"","format":"standard","meta":[],"categories":[12],"tags":[],"_links":{"self":[{"href":"https:\/\/democraciaactiva.eu\/index.php?rest_route=\/wp\/v2\/posts\/210"}],"collection":[{"href":"https:\/\/democraciaactiva.eu\/index.php?rest_route=\/wp\/v2\/posts"}],"about":[{"href":"https:\/\/democraciaactiva.eu\/index.php?rest_route=\/wp\/v2\/types\/post"}],"author":[{"embeddable":true,"href":"https:\/\/democraciaactiva.eu\/index.php?rest_route=\/wp\/v2\/users\/1"}],"replies":[{"embeddable":true,"href":"https:\/\/democraciaactiva.eu\/index.php?rest_route=%2Fwp%2Fv2%2Fcomments&post=210"}],"version-history":[{"count":0,"href":"https:\/\/democraciaactiva.eu\/index.php?rest_route=\/wp\/v2\/posts\/210\/revisions"}],"wp:attachment":[{"href":"https:\/\/democraciaactiva.eu\/index.php?rest_route=%2Fwp%2Fv2%2Fmedia&parent=210"}],"wp:term":[{"taxonomy":"category","embeddable":true,"href":"https:\/\/democraciaactiva.eu\/index.php?rest_route=%2Fwp%2Fv2%2Fcategories&post=210"},{"taxonomy":"post_tag","embeddable":true,"href":"https:\/\/democraciaactiva.eu\/index.php?rest_route=%2Fwp%2Fv2%2Ftags&post=210"}],"curies":[{"name":"wp","href":"https:\/\/api.w.org\/{rel}","templated":true}]}}