{"id":2063,"date":"2022-12-18T15:59:28","date_gmt":"2022-12-18T15:59:28","guid":{"rendered":"http:\/\/democraciaactiva.eu\/?p=2063"},"modified":"2022-12-18T15:59:28","modified_gmt":"2022-12-18T15:59:28","slug":"es-la-cita-previa-obligatoria-para-todos","status":"publish","type":"post","link":"https:\/\/democraciaactiva.eu\/?p=2063","title":{"rendered":"\u00bfEs la cita previa obligatoria para todos?"},"content":{"rendered":"\n<p>Desde que se implantara la obligaci\u00f3n de cita previa en casi todos los servicios de la administraci\u00f3n es evidente que la calidad del servicio que se presta al ciudadano ha bajado considerablemente. Ni siquiera se puede contactar por tel\u00e9fono o correo electr\u00f3nico con la administraci\u00f3n porque son \u00abmedios no v\u00e1lidos\u00bb seg\u00fan la mayor\u00eda. De hecho, en muchas administraciones han desaparecido los tel\u00e9fonos de contacto que pasan a ser de \u00abuso interno\u00bb.<\/p>\n\n\n\n<p>La cita previa se implant\u00f3 tambi\u00e9n en la Guardia Civil, de modo que para los ciudadanos ya no pueden acudir directamente a presentar sus denuncias, ya que deben pedir cita previa con antelaci\u00f3n. Como la mayor\u00eda no lo sabe suele ocurrir que tengan que volver otro d\u00eda.<\/p>\n\n\n\n<p><strong>No es el caso por lo visto del ciudadano Juan Carlos Ruiz Boix, Alcalde del municipio de San Roque y Presidente de la Diputaci\u00f3n Provincial de C\u00e1diz<\/strong>, que se jacta en redes sociales de haber presentado una denuncia un s\u00e1bado a las cuatro de la tarde como si tal cosa&#8230;<\/p>\n\n\n\n<figure class=\"wp-block-image\"><img decoding=\"async\" src=\"https:\/\/scontent.fagp3-1.fna.fbcdn.net\/v\/t39.30808-6\/317959516_6052841901394231_119322845569828345_n.jpg?stp=dst-jpg_p235x350&amp;_nc_cat=101&amp;ccb=1-7&amp;_nc_sid=730e14&amp;_nc_ohc=EXPMytld6WgAX9J-VBI&amp;_nc_ht=scontent.fagp3-1.fna&amp;oh=00_AfAtE82m9ePBswaOV68tCAer6C5qIOshjKxYoom4aBpf0g&amp;oe=63A432FE\" alt=\"\"\/><\/figure>\n\n\n\n<p>Ello ha provocado indignaci\u00f3n en quienes han sido rechazados en sus primeras denuncias y comprueban que <strong>ni siquiera los s\u00e1bados est\u00e1n entre los d\u00edas del calendario de citas<\/strong>.<\/p>\n\n\n\n<p>No parece que fuera una denuncia urgente, dado que se trataba de denunciar la presunta estafa de una empresa a su sobrina que contrat\u00f3 un viaje a Nueva York que no se realizar\u00eda. Los hechos ocurrieron, como public\u00f3 el denunciante, meses antes.<\/p>\n\n\n\n<p>Es posible que este tipo de denuncias est\u00e9n exentas del requisito inapelable para el com\u00fan de los mortales de la cita previa. Es posible que fuera por alg\u00fan beneficio de los cargos pol\u00edticos como el denunciante, que no puede ausentarse de su puesto como el resto de los ciudadanos debe hacer en horario laboral para el mismo tr\u00e1mite. O puede que<strong> la necesidad de sacar una nota de prensa (foto delante del Cuartel incluida) el mismo d\u00eda<\/strong>, su enfado con la agencia de viajes, o cualquier otro motivo que esperamos nos aclaren justifique la aparente diferencia.<\/p>\n\n\n\n<figure class=\"wp-block-image\"><img decoding=\"async\" src=\"https:\/\/scontent.fagp3-1.fna.fbcdn.net\/v\/t39.30808-6\/318122967_6052783294733425_717399321655614997_n.jpg?_nc_cat=108&amp;ccb=1-7&amp;_nc_sid=730e14&amp;_nc_ohc=EC1f7-jvCbkAX94G_IB&amp;_nc_ht=scontent.fagp3-1.fna&amp;oh=00_AfCCpxhr2wImv9vSIXasQKBbJ_37pNWyhGefBPc493vvzA&amp;oe=63A35D58\" alt=\"Puede ser una imagen de una persona y texto que dice &quot;MINISTERIO DEL INTERIOR X GUARDIA CIVIL DIRECCI\u00d3N GENERAL&quot;\"\/><\/figure>\n\n\n\n<figure class=\"wp-block-image\"><img decoding=\"async\" loading=\"lazy\" width=\"622\" height=\"1024\" src=\"https:\/\/democraciaactiva.eu\/wp-content\/uploads\/2022\/12\/image-622x1024.png\" alt=\"\" class=\"wp-image-2064\" srcset=\"https:\/\/democraciaactiva.eu\/wp-content\/uploads\/2022\/12\/image-622x1024.png 622w, https:\/\/democraciaactiva.eu\/wp-content\/uploads\/2022\/12\/image-182x300.png 182w, https:\/\/democraciaactiva.eu\/wp-content\/uploads\/2022\/12\/image.png 705w\" sizes=\"(max-width: 622px) 100vw, 622px\" \/><\/figure>\n\n\n\n<p>Por ello, tras recibir distintas consultas de ciudadanos que se extra\u00f1aron por la aparente diferencia de trato, se ha remitido solicitud la a Direcci\u00f3n General de la Guardia Civil para que nos informe sobre las<strong> circunstancias concretas de este nuevo requisito<\/strong>, as\u00ed como <strong>las causas que permiten a los ciudadanos sin cargos pol\u00edticos presentar denuncias fuera de los horarios<\/strong> de cita previa.<\/p>\n","protected":false},"excerpt":{"rendered":"<div class=\"mh-excerpt\"><p>Desde que se implantara la obligaci\u00f3n de cita previa en casi todos los servicios de la administraci\u00f3n es evidente que la calidad del servicio que <a class=\"mh-excerpt-more\" href=\"https:\/\/democraciaactiva.eu\/?p=2063\" title=\"\u00bfEs la cita previa obligatoria para todos?\">[&#8230;]<\/a><\/p>\n<\/div>","protected":false},"author":1,"featured_media":2065,"comment_status":"closed","ping_status":"open","sticky":false,"template":"","format":"standard","meta":[],"categories":[5,8,19],"tags":[],"_links":{"self":[{"href":"https:\/\/democraciaactiva.eu\/index.php?rest_route=\/wp\/v2\/posts\/2063"}],"collection":[{"href":"https:\/\/democraciaactiva.eu\/index.php?rest_route=\/wp\/v2\/posts"}],"about":[{"href":"https:\/\/democraciaactiva.eu\/index.php?rest_route=\/wp\/v2\/types\/post"}],"author":[{"embeddable":true,"href":"https:\/\/democraciaactiva.eu\/index.php?rest_route=\/wp\/v2\/users\/1"}],"replies":[{"embeddable":true,"href":"https:\/\/democraciaactiva.eu\/index.php?rest_route=%2Fwp%2Fv2%2Fcomments&post=2063"}],"version-history":[{"count":1,"href":"https:\/\/democraciaactiva.eu\/index.php?rest_route=\/wp\/v2\/posts\/2063\/revisions"}],"predecessor-version":[{"id":2066,"href":"https:\/\/democraciaactiva.eu\/index.php?rest_route=\/wp\/v2\/posts\/2063\/revisions\/2066"}],"wp:featuredmedia":[{"embeddable":true,"href":"https:\/\/democraciaactiva.eu\/index.php?rest_route=\/wp\/v2\/media\/2065"}],"wp:attachment":[{"href":"https:\/\/democraciaactiva.eu\/index.php?rest_route=%2Fwp%2Fv2%2Fmedia&parent=2063"}],"wp:term":[{"taxonomy":"category","embeddable":true,"href":"https:\/\/democraciaactiva.eu\/index.php?rest_route=%2Fwp%2Fv2%2Fcategories&post=2063"},{"taxonomy":"post_tag","embeddable":true,"href":"https:\/\/democraciaactiva.eu\/index.php?rest_route=%2Fwp%2Fv2%2Ftags&post=2063"}],"curies":[{"name":"wp","href":"https:\/\/api.w.org\/{rel}","templated":true}]}}