{"id":2055,"date":"2022-10-07T09:59:43","date_gmt":"2022-10-07T09:59:43","guid":{"rendered":"http:\/\/democraciaactiva.eu\/?p=2055"},"modified":"2022-10-07T10:01:25","modified_gmt":"2022-10-07T10:01:25","slug":"contra-el-abuso-en-rrss-por-la-administracion","status":"publish","type":"post","link":"https:\/\/democraciaactiva.eu\/?p=2055","title":{"rendered":"Contra el abuso en rrss por la administraci\u00f3n"},"content":{"rendered":"\n<p>El mes pasado nos lleg\u00f3 queja del uso, por otro lado demasiado com\u00fan, que hac\u00eda el IES Federico Garc\u00eda Lorca, de la ciudad de Algeciras (C\u00e1diz), de sus redes sociales, bloqueando a determinados usuarios sin informar de los motivos.<\/p>\n\n\n\n<figure class=\"wp-block-image\"><img decoding=\"async\" loading=\"lazy\" width=\"1002\" height=\"553\" src=\"https:\/\/democraciaactiva.eu\/wp-content\/uploads\/2022\/10\/IESFGL2.png\" alt=\"\" class=\"wp-image-2057\" srcset=\"https:\/\/democraciaactiva.eu\/wp-content\/uploads\/2022\/10\/IESFGL2.png 1002w, https:\/\/democraciaactiva.eu\/wp-content\/uploads\/2022\/10\/IESFGL2-300x166.png 300w, https:\/\/democraciaactiva.eu\/wp-content\/uploads\/2022\/10\/IESFGL2-768x424.png 768w\" sizes=\"(max-width: 1002px) 100vw, 1002px\" \/><\/figure>\n\n\n\n<p>Entre otros se hab\u00eda bloqueado al parecer a la <strong>portavoz de la plataforma contra el acoso escolar \u00abValientes\u00bb<\/strong>, que forma parte de la comunidad educativa del citado centro.<\/p>\n\n\n\n<p>Ante esta situaci\u00f3n, y teniendo en cuenta la normativa vigente, se procedi\u00f3 a remitir solicitud formal a la administraci\u00f3n recordando que el uso de redes sociales por la administraci\u00f3n es opcional, si bien si deciden usarlas <strong>deben respetar que sirva de canal de comunicaci\u00f3n para los ciudadanos<\/strong>, conforme al Real Decreto 203\/2021, de 30 de marzo.<\/p>\n\n\n\n<figure class=\"wp-block-image\"><img decoding=\"async\" loading=\"lazy\" width=\"641\" height=\"1024\" src=\"https:\/\/democraciaactiva.eu\/wp-content\/uploads\/2022\/10\/image-641x1024.png\" alt=\"\" class=\"wp-image-2056\" srcset=\"https:\/\/democraciaactiva.eu\/wp-content\/uploads\/2022\/10\/image-641x1024.png 641w, https:\/\/democraciaactiva.eu\/wp-content\/uploads\/2022\/10\/image-188x300.png 188w, https:\/\/democraciaactiva.eu\/wp-content\/uploads\/2022\/10\/image.png 739w\" sizes=\"(max-width: 641px) 100vw, 641px\" \/><\/figure>\n\n\n\n<p> Por ello entendemos que bloquear a determinados ciudadanos en sus redes supone una vulneraci\u00f3n grave de sus derechos que merece explicaci\u00b4\u00f3n.<\/p>\n\n\n\n<p> No hemos recibido a\u00fan respuesta a nuestra solicitud, que pasar\u00e1 a fase 2 en unas semanas en caso de silencio administrativo elev\u00e1ndose como reclamaci\u00f3n, pero s\u00ed hemos podido comprobar c\u00f3mo el <strong>citado centro ha eliminado de redes sociales su perfil de Facebook<\/strong>.<\/p>\n\n\n\n<p>Suponemos que habr\u00e1n entendido que <strong>no se puede utilizar las redes sociales como mera propaganda sin dejar participar a la ciudadan\u00eda<\/strong>, y antes de permitir la libertad de expresi\u00f3n de la comunidad educativa han optado por el cierre. Tomaremos nota <strong>a la espera de la decisi\u00f3n de la Delegaci\u00f3n Territorial de Educaci\u00f3n sobre estas pr\u00e1cticas<\/strong>.<\/p>\n\n\n\n<p>Aunque en la plataforma iPasen a\u00fan se mantiene su direcci\u00f3n cualquier ciudadano que intente acceder o hacer una simple b\u00fasqueda obtendr\u00e1 resultado negativo.<\/p>\n\n\n\n<figure class=\"wp-block-image\"><a href=\"https:\/\/democraciaactiva.eu\/wp-content\/uploads\/2022\/10\/image-1.png\"><img decoding=\"async\" loading=\"lazy\" width=\"461\" height=\"1024\" src=\"https:\/\/democraciaactiva.eu\/wp-content\/uploads\/2022\/10\/image-1-461x1024.png\" alt=\"\" class=\"wp-image-2058\" srcset=\"https:\/\/democraciaactiva.eu\/wp-content\/uploads\/2022\/10\/image-1-461x1024.png 461w, https:\/\/democraciaactiva.eu\/wp-content\/uploads\/2022\/10\/image-1-135x300.png 135w, https:\/\/democraciaactiva.eu\/wp-content\/uploads\/2022\/10\/image-1.png 720w\" sizes=\"(max-width: 461px) 100vw, 461px\" \/><\/a><\/figure>\n\n\n\n<p><\/p>\n\n\n\n<p><\/p>\n\n\n\n<p><\/p>\n","protected":false},"excerpt":{"rendered":"<div class=\"mh-excerpt\"><p>El mes pasado nos lleg\u00f3 queja del uso, por otro lado demasiado com\u00fan, que hac\u00eda el IES Federico Garc\u00eda Lorca, de la ciudad de Algeciras <a class=\"mh-excerpt-more\" href=\"https:\/\/democraciaactiva.eu\/?p=2055\" title=\"Contra el abuso en rrss por la administraci\u00f3n\">[&#8230;]<\/a><\/p>\n<\/div>","protected":false},"author":1,"featured_media":2057,"comment_status":"closed","ping_status":"open","sticky":false,"template":"","format":"standard","meta":[],"categories":[1],"tags":[],"_links":{"self":[{"href":"https:\/\/democraciaactiva.eu\/index.php?rest_route=\/wp\/v2\/posts\/2055"}],"collection":[{"href":"https:\/\/democraciaactiva.eu\/index.php?rest_route=\/wp\/v2\/posts"}],"about":[{"href":"https:\/\/democraciaactiva.eu\/index.php?rest_route=\/wp\/v2\/types\/post"}],"author":[{"embeddable":true,"href":"https:\/\/democraciaactiva.eu\/index.php?rest_route=\/wp\/v2\/users\/1"}],"replies":[{"embeddable":true,"href":"https:\/\/democraciaactiva.eu\/index.php?rest_route=%2Fwp%2Fv2%2Fcomments&post=2055"}],"version-history":[{"count":3,"href":"https:\/\/democraciaactiva.eu\/index.php?rest_route=\/wp\/v2\/posts\/2055\/revisions"}],"predecessor-version":[{"id":2061,"href":"https:\/\/democraciaactiva.eu\/index.php?rest_route=\/wp\/v2\/posts\/2055\/revisions\/2061"}],"wp:featuredmedia":[{"embeddable":true,"href":"https:\/\/democraciaactiva.eu\/index.php?rest_route=\/wp\/v2\/media\/2057"}],"wp:attachment":[{"href":"https:\/\/democraciaactiva.eu\/index.php?rest_route=%2Fwp%2Fv2%2Fmedia&parent=2055"}],"wp:term":[{"taxonomy":"category","embeddable":true,"href":"https:\/\/democraciaactiva.eu\/index.php?rest_route=%2Fwp%2Fv2%2Fcategories&post=2055"},{"taxonomy":"post_tag","embeddable":true,"href":"https:\/\/democraciaactiva.eu\/index.php?rest_route=%2Fwp%2Fv2%2Ftags&post=2055"}],"curies":[{"name":"wp","href":"https:\/\/api.w.org\/{rel}","templated":true}]}}