{"id":2043,"date":"2022-07-08T11:01:41","date_gmt":"2022-07-08T11:01:41","guid":{"rendered":"http:\/\/democraciaactiva.eu\/?p=2043"},"modified":"2022-10-07T09:44:03","modified_gmt":"2022-10-07T09:44:03","slug":"piden-sanciones-por-practicas-contra-la-transparencia","status":"publish","type":"post","link":"https:\/\/democraciaactiva.eu\/?p=2043","title":{"rendered":"Piden sanciones por pr\u00e1cticas contra la transparencia"},"content":{"rendered":"\n<p>Tras solicitar el mes pasado copia de un expediente a la Agencia P\u00fablica de Puertos de Andaluc\u00eda, \u00e9sta ha contestado fuera del plazo marcado por la Ley de Transparencia exigiendo requisitos para el acceso al mismo.<\/p>\n\n\n\n<p>En concreto exigen a la Asociaci\u00f3n que justifique la <strong>\u00ab<em>titularidad de derechos o intereses leg\u00edtimos individuales o colectivos\u00bb<\/em><\/strong><em>,<\/em> conforme a, supuestamente, la Ley 39\/2015.<\/p>\n\n\n\n<div class=\"wp-block-image\"><figure class=\"aligncenter\"><img decoding=\"async\" loading=\"lazy\" width=\"743\" height=\"826\" src=\"https:\/\/democraciaactiva.eu\/wp-content\/uploads\/2022\/07\/image.png\" alt=\"\" class=\"wp-image-2045\" srcset=\"https:\/\/democraciaactiva.eu\/wp-content\/uploads\/2022\/07\/image.png 743w, https:\/\/democraciaactiva.eu\/wp-content\/uploads\/2022\/07\/image-270x300.png 270w\" sizes=\"(max-width: 743px) 100vw, 743px\" \/><\/figure><\/div>\n\n\n\n<p>La administraci\u00f3n en este caso no indica qu\u00e9 art\u00edculo de la Ley les legitima a ellos para exigir esos documentos, vulnerando el derecho recogido en el art. 53.d de la misma Ley que pretenden aplicar, obligando con ello a recurrir al Consejo de Transparencia en v\u00eda de reclamaci\u00f3n.<\/p>\n\n\n\n<p>Por ello, adem\u00e1s de iniciar la correspondiente <strong>reclamaci\u00f3n ante el Consejo de Transparencia de Andaluc\u00eda<\/strong>, se ha remitido escrito a la Agencia P\u00fablica de Puertos de Andaluc\u00eda solicitando distintas cuestiones.<\/p>\n\n\n\n<p>En primer lugar se les solicita que <strong>ratifiquen que el documento <\/strong>enviado por correo electr\u00f3nico es aut\u00e9ntico, ya que no cumple distintas normas de la Junta de Andaluc\u00eda y es <strong>imposible verificarlo<\/strong> (carece de firma electr\u00f3nica o c\u00f3digo seguro de verificaci\u00f3n).<\/p>\n\n\n\n<p>En segundo y m\u00e1s importante que, dado que la exigencia de documentaci\u00f3n entendemos vulnera la Ley de Transparencia adem\u00e1s de la propia Ley 39\/2015 que citan, causando perjuicios tanto a la ciudadan\u00eda a la que se impide su leg\u00edtimo derecho de acceso a la informaci\u00f3n p\u00fablica, como a la administraci\u00f3n a la que obliga a utilizar m\u00e1s recursos respondiendo a reclamaciones,<strong> se inicie procedimiento sancionador<\/strong> conforme al Estatuto B\u00e1sico del Empleado P\u00fablico contra los responsables de esta situaci\u00f3n.<\/p>\n\n\n\n<div class=\"wp-block-image\"><figure class=\"aligncenter\"><img decoding=\"async\" loading=\"lazy\" width=\"585\" height=\"924\" src=\"https:\/\/democraciaactiva.eu\/wp-content\/uploads\/2022\/07\/image-1.png\" alt=\"\" class=\"wp-image-2046\" srcset=\"https:\/\/democraciaactiva.eu\/wp-content\/uploads\/2022\/07\/image-1.png 585w, https:\/\/democraciaactiva.eu\/wp-content\/uploads\/2022\/07\/image-1-190x300.png 190w\" sizes=\"(max-width: 585px) 100vw, 585px\" \/><\/figure><\/div>\n\n\n\n<p><\/p>\n","protected":false},"excerpt":{"rendered":"<div class=\"mh-excerpt\"><p>Tras solicitar el mes pasado copia de un expediente a la Agencia P\u00fablica de Puertos de Andaluc\u00eda, \u00e9sta ha contestado fuera del plazo marcado por <a class=\"mh-excerpt-more\" href=\"https:\/\/democraciaactiva.eu\/?p=2043\" title=\"Piden sanciones por pr\u00e1cticas contra la transparencia\">[&#8230;]<\/a><\/p>\n<\/div>","protected":false},"author":1,"featured_media":2045,"comment_status":"closed","ping_status":"open","sticky":false,"template":"","format":"standard","meta":[],"categories":[1],"tags":[],"_links":{"self":[{"href":"https:\/\/democraciaactiva.eu\/index.php?rest_route=\/wp\/v2\/posts\/2043"}],"collection":[{"href":"https:\/\/democraciaactiva.eu\/index.php?rest_route=\/wp\/v2\/posts"}],"about":[{"href":"https:\/\/democraciaactiva.eu\/index.php?rest_route=\/wp\/v2\/types\/post"}],"author":[{"embeddable":true,"href":"https:\/\/democraciaactiva.eu\/index.php?rest_route=\/wp\/v2\/users\/1"}],"replies":[{"embeddable":true,"href":"https:\/\/democraciaactiva.eu\/index.php?rest_route=%2Fwp%2Fv2%2Fcomments&post=2043"}],"version-history":[{"count":3,"href":"https:\/\/democraciaactiva.eu\/index.php?rest_route=\/wp\/v2\/posts\/2043\/revisions"}],"predecessor-version":[{"id":2048,"href":"https:\/\/democraciaactiva.eu\/index.php?rest_route=\/wp\/v2\/posts\/2043\/revisions\/2048"}],"wp:featuredmedia":[{"embeddable":true,"href":"https:\/\/democraciaactiva.eu\/index.php?rest_route=\/wp\/v2\/media\/2045"}],"wp:attachment":[{"href":"https:\/\/democraciaactiva.eu\/index.php?rest_route=%2Fwp%2Fv2%2Fmedia&parent=2043"}],"wp:term":[{"taxonomy":"category","embeddable":true,"href":"https:\/\/democraciaactiva.eu\/index.php?rest_route=%2Fwp%2Fv2%2Fcategories&post=2043"},{"taxonomy":"post_tag","embeddable":true,"href":"https:\/\/democraciaactiva.eu\/index.php?rest_route=%2Fwp%2Fv2%2Ftags&post=2043"}],"curies":[{"name":"wp","href":"https:\/\/api.w.org\/{rel}","templated":true}]}}