{"id":2031,"date":"2022-02-04T16:48:25","date_gmt":"2022-02-04T16:48:25","guid":{"rendered":"http:\/\/democraciaactiva.eu\/?p=2031"},"modified":"2022-03-03T18:00:47","modified_gmt":"2022-03-03T18:00:47","slug":"consumo-se-supera-en-sus-excusas-contra-la-transparencia","status":"publish","type":"post","link":"https:\/\/democraciaactiva.eu\/?p=2031","title":{"rendered":"Consumo se supera en sus excusas contra la transparencia"},"content":{"rendered":"\n<p>El pasado 14 de diciembre una ciudadana <strong>solicita copia de un expediente existente <\/strong>en la Delegaci\u00f3n Territorial de Consumo en C\u00e1diz. Expediente que al parecer fue solicitado antes por otros colectivos y ciudadanos.<\/p>\n\n\n\n<p>La administraci\u00f3n explica en su respuesta al expediente que<strong> no se tiene condici\u00f3n de interesado, y que no existen en la actualidad normas reguladoras<\/strong> por las que proceda comunicar al denunciante (que no es la solicitante) la incoaci\u00f3n de procedimiento sancionador en ese expediente.<\/p>\n\n\n\n<p>Pero lo m\u00e1s llamativo de su respuesta es que la fundamentan en una <strong>\u00abinvestigaci\u00f3n\u00bb<\/strong> por la que al parecer han cruzado datos para revelar ciertas coincidencias (algunas se han comprobado falsas ya) por las que:<\/p>\n\n\n\n<p>1.- Meses antes de la solicitud otra persona (ciudadano 2, en rojo) hab\u00eda pedido copia del mismo expediente.<\/p>\n\n\n\n<p>2.- El correo electr\u00f3nico de la solicitante pertenece a la asociaci\u00f3n 1 (en azul)<\/p>\n\n\n\n<p>3.- En la Diputaci\u00f3n de C\u00e1diz aparece el tel\u00e9fono de la asociaci\u00f3n 1 que coincide con el del ciudadano 2 (que pidi\u00f3 ese expediente hace meses).<\/p>\n\n\n\n<p>4.- El presidente de la asociaci\u00f3n 2 resulta ser, seg\u00fan han constatado en el Ministerio del Interior, el ciudadano 2.<\/p>\n\n\n\n<p>5.- La solicitante resulta ser tesorera de la asociaci\u00f3n 1, seg\u00fan los mismos datos del Ministerio del Interior. <\/p>\n\n\n\n<p>6.- El presidente de la asociaci\u00f3n 1 resulta ser la persona en nombre de la cual la asociaci\u00f3n 2 presenta queja a consumo dando lugar al expediente solicitado.<\/p>\n\n\n\n<p>Por \u00faltimo la administraci\u00f3n indica que neg\u00f3 la informaci\u00f3n al ciudadano 2, a las dos asociaciones anteriores, por lo que procede sin duda negar la informaci\u00f3n a la solicitante&#8230;<\/p>\n\n\n\n<figure class=\"wp-block-image\"><img decoding=\"async\" loading=\"lazy\" width=\"916\" height=\"1024\" src=\"https:\/\/democraciaactiva.eu\/wp-content\/uploads\/2022\/02\/Excusastransparencia-916x1024.jpg\" alt=\"\" class=\"wp-image-2032\" srcset=\"https:\/\/democraciaactiva.eu\/wp-content\/uploads\/2022\/02\/Excusastransparencia-916x1024.jpg 916w, https:\/\/democraciaactiva.eu\/wp-content\/uploads\/2022\/02\/Excusastransparencia-268x300.jpg 268w, https:\/\/democraciaactiva.eu\/wp-content\/uploads\/2022\/02\/Excusastransparencia-768x858.jpg 768w, https:\/\/democraciaactiva.eu\/wp-content\/uploads\/2022\/02\/Excusastransparencia.jpg 926w\" sizes=\"(max-width: 916px) 100vw, 916px\" \/><\/figure>\n\n\n\n<p>Es decir, que <strong>a ra\u00edz de una solicitud por una ciudadana de un expediente la administraci\u00f3n \u00abinvestiga\u00bb, sin informar ni solicitar permiso a nadie, cualquier relaci\u00f3n de la solicitante con cuantas personas o colectivos desee<\/strong>, le suelta una cantidad de datos irrelevantes como el tel\u00e9fono indicado por otro solicitante, el registro en una administraci\u00f3n de varias asociaciones, o incluso que su correo tenga un determinado dominio (que por cierto no es de asociaci\u00f3n alguna) como si sirviera de argumento para negar la entrega de la informaci\u00f3n.<\/p>\n\n\n\n<p>Ya no es que se les hayan acabado las <strong>excusas para ocultar los expedientes<\/strong> y as\u00ed poder seguir cruzados de brazos mientras \u00e9stos siguen cuidadosamente archivados en la papelera m\u00e1s cercana. Es que <strong>se olvidan total y absolutamente de la normativa de protecci\u00f3n de datos consultando cuantas \u00abbases de datos\u00bb<\/strong>, tambi\u00e9n llamadas \u00abcotilleos\u00bb, se encuentren a su alcance para aburrir al ciudadano.<\/p>\n\n\n\n<p>Ahora falta saber qu\u00e9 respuesta dar\u00e1 el Consejo de Transparencia, y probablemente el departamento de Protecci\u00f3n de Datos, adem\u00e1s de c\u00f3mo va a justificar la Delegaci\u00f3n Territorial semejante \u00abinvestigaci\u00f3n\u00bb, m\u00e1xime cuando la propia Junta de Andaluc\u00eda argumenta en otros expedientes que no puede acceder a los datos del Ministerio del Interior para pedir documentaci\u00f3n extra a los ciudadanos. <strong>\u00bfPuede Consumo acceder a \u00abbases de datos\u00bb y no el resto de Consejer\u00edas? <\/strong><\/p>\n\n\n\n<p>Al margen de la reclamaci\u00f3n que la solicitante interponga ante el Consejo de Transparencia de Andaluc\u00eda, queda por ver qu\u00e9 tendr\u00e1 que decir, en su caso, el departamento de <strong>Protecci\u00f3n de Datos<\/strong> ante el uso indiscriminado de datos de nula utilidad con \u00e1nimo cuando menos dudoso por parte de la administraci\u00f3n. <strong>Si su objetivo era disuadir a los ciudadanos de buscar transparencia, podemos asegurarles que el efecto ser\u00e1 todo lo contrario.<\/strong><\/p>\n","protected":false},"excerpt":{"rendered":"<div class=\"mh-excerpt\"><p>El pasado 14 de diciembre una ciudadana solicita copia de un expediente existente en la Delegaci\u00f3n Territorial de Consumo en C\u00e1diz. Expediente que al parecer <a class=\"mh-excerpt-more\" href=\"https:\/\/democraciaactiva.eu\/?p=2031\" title=\"Consumo se supera en sus excusas contra la transparencia\">[&#8230;]<\/a><\/p>\n<\/div>","protected":false},"author":1,"featured_media":2032,"comment_status":"closed","ping_status":"open","sticky":false,"template":"","format":"standard","meta":[],"categories":[1],"tags":[],"_links":{"self":[{"href":"https:\/\/democraciaactiva.eu\/index.php?rest_route=\/wp\/v2\/posts\/2031"}],"collection":[{"href":"https:\/\/democraciaactiva.eu\/index.php?rest_route=\/wp\/v2\/posts"}],"about":[{"href":"https:\/\/democraciaactiva.eu\/index.php?rest_route=\/wp\/v2\/types\/post"}],"author":[{"embeddable":true,"href":"https:\/\/democraciaactiva.eu\/index.php?rest_route=\/wp\/v2\/users\/1"}],"replies":[{"embeddable":true,"href":"https:\/\/democraciaactiva.eu\/index.php?rest_route=%2Fwp%2Fv2%2Fcomments&post=2031"}],"version-history":[{"count":3,"href":"https:\/\/democraciaactiva.eu\/index.php?rest_route=\/wp\/v2\/posts\/2031\/revisions"}],"predecessor-version":[{"id":2035,"href":"https:\/\/democraciaactiva.eu\/index.php?rest_route=\/wp\/v2\/posts\/2031\/revisions\/2035"}],"wp:featuredmedia":[{"embeddable":true,"href":"https:\/\/democraciaactiva.eu\/index.php?rest_route=\/wp\/v2\/media\/2032"}],"wp:attachment":[{"href":"https:\/\/democraciaactiva.eu\/index.php?rest_route=%2Fwp%2Fv2%2Fmedia&parent=2031"}],"wp:term":[{"taxonomy":"category","embeddable":true,"href":"https:\/\/democraciaactiva.eu\/index.php?rest_route=%2Fwp%2Fv2%2Fcategories&post=2031"},{"taxonomy":"post_tag","embeddable":true,"href":"https:\/\/democraciaactiva.eu\/index.php?rest_route=%2Fwp%2Fv2%2Ftags&post=2031"}],"curies":[{"name":"wp","href":"https:\/\/api.w.org\/{rel}","templated":true}]}}