{"id":2027,"date":"2022-01-30T13:38:45","date_gmt":"2022-01-30T13:38:45","guid":{"rendered":"http:\/\/democraciaactiva.eu\/?p=2027"},"modified":"2022-01-30T13:38:45","modified_gmt":"2022-01-30T13:38:45","slug":"silencio-del-defensor-del-pueblo-andaluz-ante-peticiones-de-transparencia","status":"publish","type":"post","link":"https:\/\/democraciaactiva.eu\/?p=2027","title":{"rendered":"Silencio del Defensor del Pueblo Andaluz ante peticiones de Transparencia"},"content":{"rendered":"\n<p>En estos d\u00edas hemos recibido resoluci\u00f3n del Consejo de Transparencia de Andaluc\u00eda por el que <strong>declaran exento al Defensor del Pueblo Andaluz del cumplimiento de la Ley de Transparencia<\/strong>, al menos en lo que a posibilidades de reclamaci\u00f3n se refiere.<\/p>\n\n\n\n<figure class=\"wp-block-image\"><img decoding=\"async\" loading=\"lazy\" width=\"863\" height=\"1024\" src=\"https:\/\/democraciaactiva.eu\/wp-content\/uploads\/2022\/01\/image-6-863x1024.png\" alt=\"\" class=\"wp-image-2029\" srcset=\"https:\/\/democraciaactiva.eu\/wp-content\/uploads\/2022\/01\/image-6-863x1024.png 863w, https:\/\/democraciaactiva.eu\/wp-content\/uploads\/2022\/01\/image-6-253x300.png 253w, https:\/\/democraciaactiva.eu\/wp-content\/uploads\/2022\/01\/image-6-768x911.png 768w, https:\/\/democraciaactiva.eu\/wp-content\/uploads\/2022\/01\/image-6.png 953w\" sizes=\"(max-width: 863px) 100vw, 863px\" \/><\/figure>\n\n\n\n<p>A principios de 2021 el Defensor del Pueblo Andaluz nos remiti\u00f3 escrito en el que afirmaban haber recibido una queja sin datos que hicieran comprensible su contenido. Esto se deb\u00eda a <strong>la decisi\u00f3n de la oficina del Defensor del Pueblo Andaluz de hacer caso omiso a nuestras referencias<\/strong> en los expedientes que se les remitieran. Seg\u00fan palabras textuales de la responsable de atenci\u00f3n al ciudadano \u00abno iban a hacer nuestro trabajo\u00bb, recomend\u00e1ndonos buscar en los archivos (unos cientos de expedientes) para localizar a qu\u00e9 se refer\u00edan&#8230;<\/p>\n\n\n\n<p>Por ello se decidi\u00f3 pedir copia del expediente con su referencia y as\u00ed poder informarnos. Un a\u00f1o despu\u00e9s desde <strong>la oficina del Defensor del Pueblo Andaluz no se han dignado contestar nuestra petici\u00f3n<\/strong>, y el Consejo de Transparencia indica que s\u00f3lo es competente para recurrir la negativa a facilitar la documentaci\u00f3n la Jurisdicci\u00f3n Contencioso-Administrativa.<\/p>\n\n\n\n<p>Lo m\u00e1s llamativo del caso es que se ampare en el silencio administrativo precisamente la Instituci\u00f3n que tiene entre sus principales funciones acabar con \u00e9l. <strong>\u00bfC\u00f3mo podemos esperar que defiendan los derechos de los ciudadanos desde una instituci\u00f3n que no parece respetarlos?<\/strong><\/p>\n\n\n\n<p>De este modo la oficina del Defensor del Pueblo Andaluz parece seguir la estela marcada en su d\u00eda por el Defensor del Pueblo Estatal, <strong>amparando las pr\u00e1cticas de las administraciones p\u00fablicas en demasiados casos<\/strong> neg\u00e1ndose posteriormente a aclarar sus decisiones. Un escal\u00f3n m\u00e1s que en teor\u00eda deber\u00eda servir de defensa al ciudadano pero que en muchos casos s\u00f3lo consigue retrasar otras opciones con la esperanza de recibir ayuda de instituciones que, <strong>bien por falta de competencias, bien por lo que parece corporativismo entre cargos p\u00fablicos, acaba en el mismo punto de partida.<\/strong><\/p>\n","protected":false},"excerpt":{"rendered":"<div class=\"mh-excerpt\"><p>En estos d\u00edas hemos recibido resoluci\u00f3n del Consejo de Transparencia de Andaluc\u00eda por el que declaran exento al Defensor del Pueblo Andaluz del cumplimiento de <a class=\"mh-excerpt-more\" href=\"https:\/\/democraciaactiva.eu\/?p=2027\" title=\"Silencio del Defensor del Pueblo Andaluz ante peticiones de Transparencia\">[&#8230;]<\/a><\/p>\n<\/div>","protected":false},"author":1,"featured_media":2015,"comment_status":"closed","ping_status":"open","sticky":false,"template":"","format":"standard","meta":[],"categories":[1],"tags":[],"_links":{"self":[{"href":"https:\/\/democraciaactiva.eu\/index.php?rest_route=\/wp\/v2\/posts\/2027"}],"collection":[{"href":"https:\/\/democraciaactiva.eu\/index.php?rest_route=\/wp\/v2\/posts"}],"about":[{"href":"https:\/\/democraciaactiva.eu\/index.php?rest_route=\/wp\/v2\/types\/post"}],"author":[{"embeddable":true,"href":"https:\/\/democraciaactiva.eu\/index.php?rest_route=\/wp\/v2\/users\/1"}],"replies":[{"embeddable":true,"href":"https:\/\/democraciaactiva.eu\/index.php?rest_route=%2Fwp%2Fv2%2Fcomments&post=2027"}],"version-history":[{"count":1,"href":"https:\/\/democraciaactiva.eu\/index.php?rest_route=\/wp\/v2\/posts\/2027\/revisions"}],"predecessor-version":[{"id":2030,"href":"https:\/\/democraciaactiva.eu\/index.php?rest_route=\/wp\/v2\/posts\/2027\/revisions\/2030"}],"wp:featuredmedia":[{"embeddable":true,"href":"https:\/\/democraciaactiva.eu\/index.php?rest_route=\/wp\/v2\/media\/2015"}],"wp:attachment":[{"href":"https:\/\/democraciaactiva.eu\/index.php?rest_route=%2Fwp%2Fv2%2Fmedia&parent=2027"}],"wp:term":[{"taxonomy":"category","embeddable":true,"href":"https:\/\/democraciaactiva.eu\/index.php?rest_route=%2Fwp%2Fv2%2Fcategories&post=2027"},{"taxonomy":"post_tag","embeddable":true,"href":"https:\/\/democraciaactiva.eu\/index.php?rest_route=%2Fwp%2Fv2%2Ftags&post=2027"}],"curies":[{"name":"wp","href":"https:\/\/api.w.org\/{rel}","templated":true}]}}