{"id":2020,"date":"2022-01-21T16:30:53","date_gmt":"2022-01-21T16:30:53","guid":{"rendered":"http:\/\/democraciaactiva.eu\/?p=2020"},"modified":"2022-01-21T16:32:31","modified_gmt":"2022-01-21T16:32:31","slug":"san-roque-pudo-vulnerar-una-vez-mas-la-proteccion-de-datos-personales","status":"publish","type":"post","link":"https:\/\/democraciaactiva.eu\/?p=2020","title":{"rendered":"San Roque pudo vulnerar, una vez m\u00e1s, la protecci\u00f3n de datos personales"},"content":{"rendered":"\n<p>La Agencia Espa\u00f1ola de Protecci\u00f3n de Datos ha remitido al Ayuntamiento de San Roque un <strong>recordatorio de sus obligaciones legales en relaci\u00f3n con la protecci\u00f3n de los datos personales<\/strong>.<\/p>\n\n\n\n<p>Este recordatorio se efect\u00faa tras la denuncia presentada por DCA por las campa\u00f1as del Ayuntamiento \u00ab<strong>en las que se utiliza la imagen de los mayores sin ning\u00fan reparo y, entendemos, sin darles opci\u00f3n a negarse<\/strong>\u00ab.<\/p>\n\n\n\n<p>Cabe recordar que el Ayuntamiento de San Roque viene realizando campa\u00f1as por las que al entregar material como un lapicero y un cuaderno en una bolsa con publicidad institucional<strong> fotograf\u00edan uno por uno a los mayores de las residencias para luego usar esa imagen en sus notas de prensa<\/strong>. El pasado 26 de octubre llegaron a publicar 31 de estas fotograf\u00edas en la \u00abnoticia\u00bb que a\u00fan hoy puede verse en la web municipal.<\/p>\n\n\n\n<figure class=\"wp-block-image\"><img decoding=\"async\" loading=\"lazy\" width=\"1024\" height=\"666\" src=\"https:\/\/democraciaactiva.eu\/wp-content\/uploads\/2022\/01\/image-4-1024x666.png\" alt=\"\" class=\"wp-image-2024\" srcset=\"https:\/\/democraciaactiva.eu\/wp-content\/uploads\/2022\/01\/image-4-1024x666.png 1024w, https:\/\/democraciaactiva.eu\/wp-content\/uploads\/2022\/01\/image-4-300x195.png 300w, https:\/\/democraciaactiva.eu\/wp-content\/uploads\/2022\/01\/image-4-768x500.png 768w, https:\/\/democraciaactiva.eu\/wp-content\/uploads\/2022\/01\/image-4.png 1193w\" sizes=\"(max-width: 1024px) 100vw, 1024px\" \/><\/figure>\n\n\n\n<p>Por ello desde la AGPD se recuerda que para utilizar la imagen de terceros deben tener su consentimiento previo. \u00abConsideramos que<strong> trat\u00e1ndose incluso de personas con discapacidad, problemas de memoria o incluso alzheimer, no se est\u00e1 dando opci\u00f3n a los usuarios, simplemente se les fotograf\u00eda para usarlos en sus campa\u00f1as publicitarias<\/strong>, por lo que solicitamos a la agencia estatal que velara por sus derechos\u00bb, indicaron.<\/p>\n\n\n\n<figure class=\"wp-block-image\"><img decoding=\"async\" loading=\"lazy\" width=\"1021\" height=\"1024\" src=\"https:\/\/democraciaactiva.eu\/wp-content\/uploads\/2022\/01\/image-2-1021x1024.png\" alt=\"\" class=\"wp-image-2021\" srcset=\"https:\/\/democraciaactiva.eu\/wp-content\/uploads\/2022\/01\/image-2-1021x1024.png 1021w, https:\/\/democraciaactiva.eu\/wp-content\/uploads\/2022\/01\/image-2-150x150.png 150w, https:\/\/democraciaactiva.eu\/wp-content\/uploads\/2022\/01\/image-2-300x300.png 300w, https:\/\/democraciaactiva.eu\/wp-content\/uploads\/2022\/01\/image-2-768x770.png 768w, https:\/\/democraciaactiva.eu\/wp-content\/uploads\/2022\/01\/image-2.png 1105w\" sizes=\"(max-width: 1021px) 100vw, 1021px\" \/><\/figure>\n\n\n\n<p>Protecci\u00f3n de Datos comunica igualmente que, \u00ab<strong>en el caso de que se constatase la no adopci\u00f3n del denunciado de las medidas correctoras (&#8230;) se iniciar\u00edan las actuaciones previstas para supuestos de incumplimiento<\/strong>\u00ab.<\/p>\n\n\n\n<p>Desde DCA consideran que \u00ab<strong>deber\u00edan retirar de inmediato las im\u00e1genes de los mayores <\/strong>que no hayan dado su consentimiento expreso para estas publicaciones\u00bb. Adem\u00e1s recuerdan que \u00abno es la primera vez que se pone en duda la protecci\u00f3n de los datos personales por parte de la instituci\u00f3n municipal, como el \u00ab<strong>uso sistem\u00e1tico de la imagen de los trabajadores de bolsas de empleo<\/strong>, como siempre colectivos que no se atrever\u00edan a indisponerse con los dirigentes locales que les usan para sus campa\u00f1as\u00bb, finalizaron.<\/p>\n","protected":false},"excerpt":{"rendered":"<div class=\"mh-excerpt\"><p>La Agencia Espa\u00f1ola de Protecci\u00f3n de Datos ha remitido al Ayuntamiento de San Roque un recordatorio de sus obligaciones legales en relaci\u00f3n con la protecci\u00f3n <a class=\"mh-excerpt-more\" href=\"https:\/\/democraciaactiva.eu\/?p=2020\" title=\"San Roque pudo vulnerar, una vez m\u00e1s, la protecci\u00f3n de datos personales\">[&#8230;]<\/a><\/p>\n<\/div>","protected":false},"author":1,"featured_media":2021,"comment_status":"closed","ping_status":"open","sticky":false,"template":"","format":"standard","meta":[],"categories":[1],"tags":[],"_links":{"self":[{"href":"https:\/\/democraciaactiva.eu\/index.php?rest_route=\/wp\/v2\/posts\/2020"}],"collection":[{"href":"https:\/\/democraciaactiva.eu\/index.php?rest_route=\/wp\/v2\/posts"}],"about":[{"href":"https:\/\/democraciaactiva.eu\/index.php?rest_route=\/wp\/v2\/types\/post"}],"author":[{"embeddable":true,"href":"https:\/\/democraciaactiva.eu\/index.php?rest_route=\/wp\/v2\/users\/1"}],"replies":[{"embeddable":true,"href":"https:\/\/democraciaactiva.eu\/index.php?rest_route=%2Fwp%2Fv2%2Fcomments&post=2020"}],"version-history":[{"count":2,"href":"https:\/\/democraciaactiva.eu\/index.php?rest_route=\/wp\/v2\/posts\/2020\/revisions"}],"predecessor-version":[{"id":2025,"href":"https:\/\/democraciaactiva.eu\/index.php?rest_route=\/wp\/v2\/posts\/2020\/revisions\/2025"}],"wp:featuredmedia":[{"embeddable":true,"href":"https:\/\/democraciaactiva.eu\/index.php?rest_route=\/wp\/v2\/media\/2021"}],"wp:attachment":[{"href":"https:\/\/democraciaactiva.eu\/index.php?rest_route=%2Fwp%2Fv2%2Fmedia&parent=2020"}],"wp:term":[{"taxonomy":"category","embeddable":true,"href":"https:\/\/democraciaactiva.eu\/index.php?rest_route=%2Fwp%2Fv2%2Fcategories&post=2020"},{"taxonomy":"post_tag","embeddable":true,"href":"https:\/\/democraciaactiva.eu\/index.php?rest_route=%2Fwp%2Fv2%2Ftags&post=2020"}],"curies":[{"name":"wp","href":"https:\/\/api.w.org\/{rel}","templated":true}]}}