{"id":2009,"date":"2022-01-12T12:44:33","date_gmt":"2022-01-12T12:44:33","guid":{"rendered":"http:\/\/democraciaactiva.eu\/?p=2009"},"modified":"2022-01-12T13:22:27","modified_gmt":"2022-01-12T13:22:27","slug":"la-policia-local-de-san-roque-debera-identificar-los-agentes-que-no-denunciaron-pmr","status":"publish","type":"post","link":"https:\/\/democraciaactiva.eu\/?p=2009","title":{"rendered":"La Polic\u00eda Local de San Roque deber\u00e1 identificar a los agentes que no denunciaron PMR"},"content":{"rendered":"\n<p>El Consejo de Transparencia de Andaluc\u00eda ha emitido resoluci\u00f3n contra el Ayuntamiento de San Roque por la negativa a identificar a dos agentes de Polic\u00eda Local que, seg\u00fan se denunci\u00f3,<strong> se negaron a denunciar veh\u00edculos que ocupaban plazas para personas con movilidad reducida (PMR)<\/strong>.<\/p>\n\n\n\n<p>Estos agentes acudieron a un aviso cuando la conductora de un todo terreno, con matr\u00edcula extranjera, ocup\u00f3 una PMR para dejar a un menor en la guarder\u00eda y <strong>se fue al parecer a jugar al p\u00e1del<\/strong> en otro veh\u00edculo. El todoterreno <strong>permaneci\u00f3 ocupando la PMR sin ninguna acreditaci\u00b4\u00f3n durante toda una ma\u00f1ana<\/strong>, impidiendo que los usuarios que pudieran necesitarlo la usaran.<\/p>\n\n\n\n<p>Al llegar <strong>los agentes comprobaron la infracci\u00f3n pero no lo denunciaron<\/strong>, algo que se achac\u00f3 en un principio a la falta de vigilancia de este tipo de infracciones que suele darse. Sin embargo, al d\u00eda siguiente se trat\u00f3 de poner una denuncia voluntaria ante los agentes que patrullaban la zona respondiendo \u00e9stos que \u00abellos <strong>fueron los que acudieron, pero que no denunciaban porque pod\u00eda estar averiado<\/strong>\u00ab. El veh\u00edculo era un todoterreno de gama alta con menos de dos a\u00f1os de antig\u00fcedad, pero cuando el denunciante trat\u00f3 de mostrarles un video en el que la conductora sub\u00eda al mismo con su equipo de deporte abandonando la plaza sin problemas <strong>los agentes abandonaron el lugar en su veh\u00edculo sin mediar palabra<\/strong>.<\/p>\n\n\n\n<p>Desde ese momento se ha tratado de saber si la Jefatura de Polic\u00eda respalda la actitud de los agentes, tanto de no denunciar \u00ab<strong>por si est\u00e1 averiado<\/strong>\u00bb como de no atender a la ciudadan\u00eda acelerando para no dar explicaciones, sin que hasta la fecha la Jefatura de Polic\u00eda Local haya atendido la petici\u00f3n.<\/p>\n\n\n\n<p>La excusa que desde la Secretar\u00eda General del Ayuntamiento se utiliz\u00f3 para no identificar a los agentes fue que \u00ab<strong>como no han denunciado nada, no existen documentos al respecto<\/strong>\u00ab, aunque se solicitaba la identificaci\u00f3n de los agentes que prestaban servicio en un lugar, fecha y hora determinados.<\/p>\n\n\n\n<figure class=\"wp-block-image\"><img decoding=\"async\" loading=\"lazy\" width=\"853\" height=\"668\" src=\"https:\/\/democraciaactiva.eu\/wp-content\/uploads\/2022\/01\/image-1.png\" alt=\"\" class=\"wp-image-2017\" srcset=\"https:\/\/democraciaactiva.eu\/wp-content\/uploads\/2022\/01\/image-1.png 853w, https:\/\/democraciaactiva.eu\/wp-content\/uploads\/2022\/01\/image-1-300x235.png 300w, https:\/\/democraciaactiva.eu\/wp-content\/uploads\/2022\/01\/image-1-768x601.png 768w\" sizes=\"(max-width: 853px) 100vw, 853px\" \/><\/figure>\n\n\n\n<p>Esta excusa no ha convencido al Consejo de Transparencia y Protecci\u00f3n de Datos de Andaluc\u00eda, y entendemos que <strong>se puede perfectamente identificar a los agentes aunque se negaran a actuar ante las infracciones<\/strong>.<\/p>\n\n\n\n<figure class=\"wp-block-image\"><img decoding=\"async\" loading=\"lazy\" width=\"1024\" height=\"850\" src=\"https:\/\/democraciaactiva.eu\/wp-content\/uploads\/2022\/01\/Transparencia1-1024x850.png\" alt=\"\" class=\"wp-image-2010\" srcset=\"https:\/\/democraciaactiva.eu\/wp-content\/uploads\/2022\/01\/Transparencia1-1024x850.png 1024w, https:\/\/democraciaactiva.eu\/wp-content\/uploads\/2022\/01\/Transparencia1-300x249.png 300w, https:\/\/democraciaactiva.eu\/wp-content\/uploads\/2022\/01\/Transparencia1-768x637.png 768w, https:\/\/democraciaactiva.eu\/wp-content\/uploads\/2022\/01\/Transparencia1.png 1045w\" sizes=\"(max-width: 1024px) 100vw, 1024px\" \/><\/figure>\n\n\n\n<p>Por ello, desde el Consejo de Transparencia de Andaluc\u00eda, se considera que \u00ab<strong>no hubo un esfuerzo razonable para la b\u00fasqueda de la informaci\u00f3n<\/strong>\u00bb (identificaci\u00f3n de los agentes que se negaron a realizar la denuncia), resolviendo que deben facilitarse en el plazo de 10 d\u00edas. En este sentido cabe destacar que, al ser agentes de Polic\u00eda Local <strong>esta identificaci\u00f3n consistir\u00e1 probablemente en su n\u00famero de identificaci\u00f3n profesional<\/strong>, algo que hasta el momento se ha negado.<\/p>\n\n\n\n<figure class=\"wp-block-image\"><img decoding=\"async\" loading=\"lazy\" width=\"893\" height=\"903\" src=\"https:\/\/democraciaactiva.eu\/wp-content\/uploads\/2022\/01\/image.png\" alt=\"\" class=\"wp-image-2011\" srcset=\"https:\/\/democraciaactiva.eu\/wp-content\/uploads\/2022\/01\/image.png 893w, https:\/\/democraciaactiva.eu\/wp-content\/uploads\/2022\/01\/image-297x300.png 297w, https:\/\/democraciaactiva.eu\/wp-content\/uploads\/2022\/01\/image-768x777.png 768w\" sizes=\"(max-width: 893px) 100vw, 893px\" \/><\/figure>\n\n\n\n<p>Desde DCA se solicitar\u00e1 a partir de esos datos diferente documentaci\u00f3n para comprobar si, como parece, <strong>determinados agentes no denuncian infracciones por distintos motivos<\/strong>, provocando por lo general que \u00ab<strong>tengan m\u00e1s derechos quien menos verg\u00fcenza<\/strong>\u00ab, y como en este caso concreto perjudicando a las personas que m\u00e1s lo necesitan, como las que <strong>pese a tener acreditaci\u00f3n por su movilidad reducida ven a diario que sus plazas reservadas son ocupadas por todo tipo de veh\u00edculos<\/strong> para ir de compras, jugar al p\u00e1del, ir a cenar, etc. mientras que los agentes que ven las infracciones miran para otro lado.<\/p>\n\n\n\n<p>\u00abExiste una carencia de plazas para movilidad reducida, que est\u00e1n <strong>muy por debajo del m\u00ednimo legal<\/strong> en San Roque, adem\u00e1s de que<strong> gran n\u00famero son in\u00fatiles al no respetar las dimensiones <\/strong>reglamentarias, y ni siquiera est\u00e1n bien se\u00f1alizadas porque nos dicen que no hay presupuesto para se\u00f1ales o pintura, pero <strong>si encima los agentes miran para otro lado<\/strong> cada vez que pasan por ellas y se niegan a denunciar las infracciones&#8230; \u00bfpara qu\u00e9 se pasean por las calles?\u00bb, criticaron.<\/p>\n\n\n\n<p>Por \u00faltimo se quiso dejar claro que \u00ab<strong>no podemos generalizar, ya que hay agentes que cumplen sus funciones y son muy necesarios<\/strong>, pero si desde la Jefatura de Polic\u00eda Local se apoya por acci\u00f3n u omisi\u00f3n la negativa de los agentes a cumplir su cometido, eso redundar\u00e1 en perjuicio de todos. De los dem\u00e1s agentes que quieren cumplir su cometido, de los ciudadanos que dejar\u00e1n de respetar el principio de autoridad, y en definitiva de <strong>un servicio que es muy necesario pero in\u00fatil si solo van a cumplir una funci\u00f3n decorativa <\/strong>paseando por las calles\u00bb, finalizaron.<\/p>\n","protected":false},"excerpt":{"rendered":"<div class=\"mh-excerpt\"><p>El Consejo de Transparencia de Andaluc\u00eda ha emitido resoluci\u00f3n contra el Ayuntamiento de San Roque por la negativa a identificar a dos agentes de Polic\u00eda <a class=\"mh-excerpt-more\" href=\"https:\/\/democraciaactiva.eu\/?p=2009\" title=\"La Polic\u00eda Local de San Roque deber\u00e1 identificar a los agentes que no denunciaron PMR\">[&#8230;]<\/a><\/p>\n<\/div>","protected":false},"author":1,"featured_media":2015,"comment_status":"closed","ping_status":"open","sticky":false,"template":"","format":"standard","meta":[],"categories":[1],"tags":[],"_links":{"self":[{"href":"https:\/\/democraciaactiva.eu\/index.php?rest_route=\/wp\/v2\/posts\/2009"}],"collection":[{"href":"https:\/\/democraciaactiva.eu\/index.php?rest_route=\/wp\/v2\/posts"}],"about":[{"href":"https:\/\/democraciaactiva.eu\/index.php?rest_route=\/wp\/v2\/types\/post"}],"author":[{"embeddable":true,"href":"https:\/\/democraciaactiva.eu\/index.php?rest_route=\/wp\/v2\/users\/1"}],"replies":[{"embeddable":true,"href":"https:\/\/democraciaactiva.eu\/index.php?rest_route=%2Fwp%2Fv2%2Fcomments&post=2009"}],"version-history":[{"count":4,"href":"https:\/\/democraciaactiva.eu\/index.php?rest_route=\/wp\/v2\/posts\/2009\/revisions"}],"predecessor-version":[{"id":2018,"href":"https:\/\/democraciaactiva.eu\/index.php?rest_route=\/wp\/v2\/posts\/2009\/revisions\/2018"}],"wp:featuredmedia":[{"embeddable":true,"href":"https:\/\/democraciaactiva.eu\/index.php?rest_route=\/wp\/v2\/media\/2015"}],"wp:attachment":[{"href":"https:\/\/democraciaactiva.eu\/index.php?rest_route=%2Fwp%2Fv2%2Fmedia&parent=2009"}],"wp:term":[{"taxonomy":"category","embeddable":true,"href":"https:\/\/democraciaactiva.eu\/index.php?rest_route=%2Fwp%2Fv2%2Fcategories&post=2009"},{"taxonomy":"post_tag","embeddable":true,"href":"https:\/\/democraciaactiva.eu\/index.php?rest_route=%2Fwp%2Fv2%2Ftags&post=2009"}],"curies":[{"name":"wp","href":"https:\/\/api.w.org\/{rel}","templated":true}]}}