{"id":1972,"date":"2021-06-02T14:42:34","date_gmt":"2021-06-02T14:42:34","guid":{"rendered":"http:\/\/democraciaactiva.eu\/?p=1972"},"modified":"2021-06-03T08:57:27","modified_gmt":"2021-06-03T08:57:27","slug":"piden-los-informes-realizados-por-juan-roca","status":"publish","type":"post","link":"https:\/\/democraciaactiva.eu\/?p=1972","title":{"rendered":"Transparencia pide los informes realizados por Juan Roca"},"content":{"rendered":"\n<p>El Consejo de Transparencia de Andaluc\u00eda ha <strong>estimado la reclamaci\u00f3n presentada por Defensa Ciudadana Activa<\/strong> en relaci\u00f3n a la titulaci\u00f3n y trabajos de asesoramiento realizados por el ex-edil del PIVG Juan Roca, que tras dejar su cargo pol\u00edtico sigui\u00f3 cobrando de las arcas p\u00fablicas como cargo de confianza, en calidad de asesor de Alcald\u00eda, <strong><a href=\"https:\/\/www.europasur.es\/campo-de-gibraltar\/programa-PSOE-PIVG-Juan-Roca_0_914008843.html\">a cambio de su apoyo al PSOE en la localidad<\/a><\/strong>.<\/p>\n\n\n\n<div class=\"wp-block-image\"><figure class=\"aligncenter\"><img decoding=\"async\" src=\"https:\/\/www.europasur.es\/resources\/images\/0001830911.jpg\" alt=\"\"\/><\/figure><\/div>\n\n\n\n<p>\u00abEl cargo de asesor de Alcald\u00eda es de libre designaci\u00f3n, pero nos cuesta bastante a todos los ciudadanos, concretamente <strong>3 mil euros mensuales de n\u00f3mina<\/strong> m\u00e1s la cotizaci\u00f3n a la seguridad social, por lo que debe cumplir unos objetivos\u00bb, indicaron desde DCA.<\/p>\n\n\n\n<figure class=\"wp-block-image\"><img decoding=\"async\" loading=\"lazy\" width=\"825\" height=\"1024\" src=\"https:\/\/democraciaactiva.eu\/wp-content\/uploads\/2021\/06\/image-1-825x1024.png\" alt=\"\" class=\"wp-image-1974\" srcset=\"https:\/\/democraciaactiva.eu\/wp-content\/uploads\/2021\/06\/image-1-825x1024.png 825w, https:\/\/democraciaactiva.eu\/wp-content\/uploads\/2021\/06\/image-1-242x300.png 242w, https:\/\/democraciaactiva.eu\/wp-content\/uploads\/2021\/06\/image-1-768x954.png 768w, https:\/\/democraciaactiva.eu\/wp-content\/uploads\/2021\/06\/image-1.png 861w\" sizes=\"(max-width: 825px) 100vw, 825px\" \/><\/figure>\n\n\n\n<p>Por ello desde la asociaci\u00f3n se solicit\u00f3 ya en diciembre de 2018 copia de la titulaci\u00f3n presentada para ocupar el cargo, que seg\u00fan la RPT municipal debe ser licenciatura o equivalente, as\u00ed como de los informes o trabajos de asesoramiento que haya realizado para la Alcald\u00eda.<\/p>\n\n\n\n<p>Desde el Consejo de Transparencia entienden, tras analizar la normativa reguladora de estos puestos, que <strong>el Ayuntamiento de San Roque debe tener informes o trabajos que se hayan realizado desde el nombramiento del asesor<\/strong>. Igualmente se indica de la formaci\u00f3n del mismo, que en caso de no existir debe indicarse expresamente.<\/p>\n\n\n\n<figure class=\"wp-block-image\"><img decoding=\"async\" loading=\"lazy\" width=\"768\" height=\"737\" src=\"https:\/\/democraciaactiva.eu\/wp-content\/uploads\/2021\/06\/image.png\" alt=\"\" class=\"wp-image-1973\" srcset=\"https:\/\/democraciaactiva.eu\/wp-content\/uploads\/2021\/06\/image.png 768w, https:\/\/democraciaactiva.eu\/wp-content\/uploads\/2021\/06\/image-300x288.png 300w\" sizes=\"(max-width: 768px) 100vw, 768px\" \/><\/figure>\n\n\n\n<p>Desde DCA indicaron que \u00abde no existir informe de asesoramiento o trabajo alguno habr\u00edamos estado pagando a\u00f1os un puesto que no ha trabajado realmente, y <strong>si no existiera la titulaci\u00f3n adem\u00e1s podr\u00edamos encontrarnos ante un delito de prevaricaci\u00f3n administrativa<\/strong> por parte de quienes sean los responsables de controlar el cumplimiento de la legalidad y hayan permitido, sin objeci\u00f3n por lo que sabemos hasta la fecha, que acceda a un puesto reservado para personal con determinada cualificaci\u00f3n\u00bb.<\/p>\n\n\n\n<p>El Consejo de Transparencia ha dado al Ayuntamiento de San Roque el plazo de <strong>un mes para responder a DCA entregando la documentaci\u00f3n solicitada<\/strong> o certificaci\u00f3n, en su caso, de que no existe, en cuyo caso probablemente el expediente completo acabe en la Fiscal\u00eda que deber\u00e1 dirimir si existe delito en la actuaci\u00f3n municipal.<\/p>\n\n\n\n<p>Pese a ello fuentes municipales adelantan que el puesto del asesor ser\u00e1 posiblemente un 0,0 (0 titulaci\u00f3n, 0 informes) por lo que s\u00f3lo quedar\u00e1 la n\u00f3mina como rastro de su paso por la administraci\u00f3n local.<\/p>\n","protected":false},"excerpt":{"rendered":"<div class=\"mh-excerpt\"><p>El Consejo de Transparencia de Andaluc\u00eda ha estimado la reclamaci\u00f3n presentada por Defensa Ciudadana Activa en relaci\u00f3n a la titulaci\u00f3n y trabajos de asesoramiento realizados <a class=\"mh-excerpt-more\" href=\"https:\/\/democraciaactiva.eu\/?p=1972\" title=\"Transparencia pide los informes realizados por Juan Roca\">[&#8230;]<\/a><\/p>\n<\/div>","protected":false},"author":1,"featured_media":1978,"comment_status":"closed","ping_status":"open","sticky":false,"template":"","format":"standard","meta":[],"categories":[1],"tags":[],"_links":{"self":[{"href":"https:\/\/democraciaactiva.eu\/index.php?rest_route=\/wp\/v2\/posts\/1972"}],"collection":[{"href":"https:\/\/democraciaactiva.eu\/index.php?rest_route=\/wp\/v2\/posts"}],"about":[{"href":"https:\/\/democraciaactiva.eu\/index.php?rest_route=\/wp\/v2\/types\/post"}],"author":[{"embeddable":true,"href":"https:\/\/democraciaactiva.eu\/index.php?rest_route=\/wp\/v2\/users\/1"}],"replies":[{"embeddable":true,"href":"https:\/\/democraciaactiva.eu\/index.php?rest_route=%2Fwp%2Fv2%2Fcomments&post=1972"}],"version-history":[{"count":3,"href":"https:\/\/democraciaactiva.eu\/index.php?rest_route=\/wp\/v2\/posts\/1972\/revisions"}],"predecessor-version":[{"id":1977,"href":"https:\/\/democraciaactiva.eu\/index.php?rest_route=\/wp\/v2\/posts\/1972\/revisions\/1977"}],"wp:featuredmedia":[{"embeddable":true,"href":"https:\/\/democraciaactiva.eu\/index.php?rest_route=\/wp\/v2\/media\/1978"}],"wp:attachment":[{"href":"https:\/\/democraciaactiva.eu\/index.php?rest_route=%2Fwp%2Fv2%2Fmedia&parent=1972"}],"wp:term":[{"taxonomy":"category","embeddable":true,"href":"https:\/\/democraciaactiva.eu\/index.php?rest_route=%2Fwp%2Fv2%2Fcategories&post=1972"},{"taxonomy":"post_tag","embeddable":true,"href":"https:\/\/democraciaactiva.eu\/index.php?rest_route=%2Fwp%2Fv2%2Ftags&post=1972"}],"curies":[{"name":"wp","href":"https:\/\/api.w.org\/{rel}","templated":true}]}}