{"id":1967,"date":"2021-05-24T07:20:51","date_gmt":"2021-05-24T07:20:51","guid":{"rendered":"http:\/\/democraciaactiva.eu\/?p=1967"},"modified":"2021-05-24T07:21:11","modified_gmt":"2021-05-24T07:21:11","slug":"diputacion-de-cadiz-adapta-su-sede-electronica","status":"publish","type":"post","link":"https:\/\/democraciaactiva.eu\/?p=1967","title":{"rendered":"Diputaci\u00f3n de C\u00e1diz adapta su sede electr\u00f3nica"},"content":{"rendered":"\n<p>Desde los inicios de esta Asociaci\u00f3n venimos utilizando el servicio que presta la sede electr\u00f3nica de la Diputaci\u00f3n Provincial de C\u00e1diz, que siempre <strong>hemos considerado una de las m\u00e1s pr\u00e1cticas, \u00e1giles y accesibles<\/strong> de las administraciones p\u00fablicas que hemos encontrado hasta la fecha.<\/p>\n\n\n\n<p>Sin embargo, todo lo bueno es mejorable, y en estos d\u00edas nos ha sorprendido que por fin <strong>han retirado la obligaci\u00f3n de aportar datos personales irrelevantes<\/strong> que, entendemos, no eran exigibles con la normativa de procedimiento com\u00fan y protecci\u00f3n de datos personales.<\/p>\n\n\n\n<figure class=\"wp-block-image\"><img decoding=\"async\" loading=\"lazy\" width=\"1024\" height=\"1022\" src=\"https:\/\/democraciaactiva.eu\/wp-content\/uploads\/2021\/05\/image-2-1024x1022.png\" alt=\"\" class=\"wp-image-1968\" srcset=\"https:\/\/democraciaactiva.eu\/wp-content\/uploads\/2021\/05\/image-2-1024x1022.png 1024w, https:\/\/democraciaactiva.eu\/wp-content\/uploads\/2021\/05\/image-2-150x150.png 150w, https:\/\/democraciaactiva.eu\/wp-content\/uploads\/2021\/05\/image-2-300x300.png 300w, https:\/\/democraciaactiva.eu\/wp-content\/uploads\/2021\/05\/image-2-768x767.png 768w, https:\/\/democraciaactiva.eu\/wp-content\/uploads\/2021\/05\/image-2.png 1217w\" sizes=\"(max-width: 1024px) 100vw, 1024px\" \/><\/figure>\n\n\n\n<p>Nos referimos a la obligaci\u00f3n de <strong>rellenar siempre campos con datos personales del solicitante, como su direcci\u00f3n postal<\/strong>, o incluso su sexo, que nada aportan al expediente, no son exigibles si se opta por notificaci\u00f3n telem\u00e1tica, y suponen un retraso a la hora de confeccionar los formularios. Quien opte por la notificaci\u00f3n postal siempre puede rellenar los datos necesarios en el apartado correspondiente.<\/p>\n\n\n\n<p>Estas opciones, obligatorias en casi todas las plataformas, obligan a renunciar al derecho del ciudadano a no presentarlo o rellenar con datos nulos como \u00absin direcci\u00f3n postal\u00bb, c\u00f3digo postal 00000, etc., o a <strong>solicitar posteriormente la cancelaci\u00f3n de sus datos personales<\/strong> dentro de los derechos ARCO que tambi\u00e9n tiene todo ciudadano.<\/p>\n\n\n\n<p>No son pocas las administraciones a las que nos hemos dirigido solicitando que eliminen esas exigencias, pero la sede electr\u00f3nica de la Diputaci\u00f3n Provincial de C\u00e1diz es la primera que hemos comprobado su adaptaci\u00f3n resultando<strong> ahora m\u00e1s sencilla de utilizar, protegiendo adem\u00e1s de esta forma los datos personales de los ciudadanos.<\/strong><\/p>\n\n\n\n<p>Esperamos que cunda el ejemplo y otras dejen igualmente de exigir datos innecesarios para una mayor simplicidad de la comunicaci\u00f3n electr\u00f3nica con los ciudadanos.<\/p>\n","protected":false},"excerpt":{"rendered":"<div class=\"mh-excerpt\"><p>Desde los inicios de esta Asociaci\u00f3n venimos utilizando el servicio que presta la sede electr\u00f3nica de la Diputaci\u00f3n Provincial de C\u00e1diz, que siempre hemos considerado <a class=\"mh-excerpt-more\" href=\"https:\/\/democraciaactiva.eu\/?p=1967\" title=\"Diputaci\u00f3n de C\u00e1diz adapta su sede electr\u00f3nica\">[&#8230;]<\/a><\/p>\n<\/div>","protected":false},"author":1,"featured_media":1968,"comment_status":"closed","ping_status":"open","sticky":false,"template":"","format":"standard","meta":[],"categories":[1],"tags":[],"_links":{"self":[{"href":"https:\/\/democraciaactiva.eu\/index.php?rest_route=\/wp\/v2\/posts\/1967"}],"collection":[{"href":"https:\/\/democraciaactiva.eu\/index.php?rest_route=\/wp\/v2\/posts"}],"about":[{"href":"https:\/\/democraciaactiva.eu\/index.php?rest_route=\/wp\/v2\/types\/post"}],"author":[{"embeddable":true,"href":"https:\/\/democraciaactiva.eu\/index.php?rest_route=\/wp\/v2\/users\/1"}],"replies":[{"embeddable":true,"href":"https:\/\/democraciaactiva.eu\/index.php?rest_route=%2Fwp%2Fv2%2Fcomments&post=1967"}],"version-history":[{"count":2,"href":"https:\/\/democraciaactiva.eu\/index.php?rest_route=\/wp\/v2\/posts\/1967\/revisions"}],"predecessor-version":[{"id":1970,"href":"https:\/\/democraciaactiva.eu\/index.php?rest_route=\/wp\/v2\/posts\/1967\/revisions\/1970"}],"wp:featuredmedia":[{"embeddable":true,"href":"https:\/\/democraciaactiva.eu\/index.php?rest_route=\/wp\/v2\/media\/1968"}],"wp:attachment":[{"href":"https:\/\/democraciaactiva.eu\/index.php?rest_route=%2Fwp%2Fv2%2Fmedia&parent=1967"}],"wp:term":[{"taxonomy":"category","embeddable":true,"href":"https:\/\/democraciaactiva.eu\/index.php?rest_route=%2Fwp%2Fv2%2Fcategories&post=1967"},{"taxonomy":"post_tag","embeddable":true,"href":"https:\/\/democraciaactiva.eu\/index.php?rest_route=%2Fwp%2Fv2%2Ftags&post=1967"}],"curies":[{"name":"wp","href":"https:\/\/api.w.org\/{rel}","templated":true}]}}