{"id":1961,"date":"2021-05-23T12:13:36","date_gmt":"2021-05-23T12:13:36","guid":{"rendered":"http:\/\/democraciaactiva.eu\/?p=1961"},"modified":"2021-05-23T12:13:57","modified_gmt":"2021-05-23T12:13:57","slug":"dan-15-dias-al-ayuntamiento-de-la-linea-para-entregar-la-documentacion-del-hospital","status":"publish","type":"post","link":"https:\/\/democraciaactiva.eu\/?p=1961","title":{"rendered":"Dan 15 d\u00edas al Ayuntamiento de La L\u00ednea para entregar la documentaci\u00f3n del Hospital"},"content":{"rendered":"\n<p>Desde el Consejo de Transparencia de Andaluc\u00eda se ha resuelto reclamaci\u00f3n presentada por DCA ante el <strong>abuso del silencio administrativo<\/strong> por parte del Ayuntamiento de La L\u00ednea de la Concepci\u00f3n (C\u00e1diz), que <strong>no ha contestado las solicitudes de informaci\u00f3n p\u00fablica de los \u00faltimos 3 a\u00f1os.<\/strong><\/p>\n\n\n\n<figure class=\"wp-block-image\"><img decoding=\"async\" loading=\"lazy\" width=\"670\" height=\"1024\" src=\"https:\/\/democraciaactiva.eu\/wp-content\/uploads\/2021\/05\/image-1-670x1024.png\" alt=\"\" class=\"wp-image-1965\" srcset=\"https:\/\/democraciaactiva.eu\/wp-content\/uploads\/2021\/05\/image-1-670x1024.png 670w, https:\/\/democraciaactiva.eu\/wp-content\/uploads\/2021\/05\/image-1-196x300.png 196w, https:\/\/democraciaactiva.eu\/wp-content\/uploads\/2021\/05\/image-1-768x1175.png 768w, https:\/\/democraciaactiva.eu\/wp-content\/uploads\/2021\/05\/image-1.png 801w\" sizes=\"(max-width: 670px) 100vw, 670px\" \/><\/figure>\n\n\n\n<p>En este expediente concreto se requer\u00eda la documentaci\u00f3n de las obras del nuevo Hospital, una vez que hasta <strong>la propia Junta de Andaluc\u00eda ha reconocido la existencia de incumplimientos de la normativa<\/strong> de accesibilidad de 2009 amparados en que \u00abla licencia de obras es del 2008\u00bb.<\/p>\n\n\n\n<p>En este sentido desde DCA insisten en que \u00ablas licencias de obra caducan al a\u00f1o, con una pr\u00f3rroga m\u00ednima por motivos concretos, pero <strong>resulta sorprendente que el Ayuntamiento de La L\u00ednea haya mantenido la vigencia de \u00e9sta durante m\u00e1s de una d\u00e9cada pese a los cambios normativos<\/strong> a los que no se ha adaptado\u00bb.<\/p>\n\n\n\n<figure class=\"wp-block-image\"><img decoding=\"async\" loading=\"lazy\" width=\"1024\" height=\"1021\" src=\"https:\/\/democraciaactiva.eu\/wp-content\/uploads\/2021\/05\/image-1024x1021.png\" alt=\"\" class=\"wp-image-1964\" srcset=\"https:\/\/democraciaactiva.eu\/wp-content\/uploads\/2021\/05\/image-1024x1021.png 1024w, https:\/\/democraciaactiva.eu\/wp-content\/uploads\/2021\/05\/image-150x150.png 150w, https:\/\/democraciaactiva.eu\/wp-content\/uploads\/2021\/05\/image-300x300.png 300w, https:\/\/democraciaactiva.eu\/wp-content\/uploads\/2021\/05\/image-768x766.png 768w, https:\/\/democraciaactiva.eu\/wp-content\/uploads\/2021\/05\/image.png 1066w\" sizes=\"(max-width: 1024px) 100vw, 1024px\" \/><\/figure>\n\n\n\n<p>Por ello desde la asociaci\u00f3n quieren <strong>conocer c\u00f3mo ha sido esto posible<\/strong>, el motivo por el que <strong>no se ha obligado a solicitar una nueva licencia adaptada<\/strong> a las nuevas normativas, y <strong>cu\u00e1ndo se adaptar\u00e1 finalmente con el coste que implicar\u00e1 para los ciudadanos<\/strong>.<\/p>\n\n\n\n<p>\u00abTodo indica que estamos ante una chapuza m\u00e1s de la administraci\u00f3n que consiente la ejecuci\u00f3n de obras p\u00fablicas<strong> incumpliendo la normativa con el sobrecoste que tendr\u00e1 en el futuro para los ciudadanos<\/strong>, sin contar con el perjuicio de poner en marcha infraestructuras que no cumplen las normas actuales\u00bb, criticaron.<\/p>\n\n\n\n<p>Desde DCA se record\u00f3 igualmente que \u00abal parecer los cambios normativos fueron la excusa para detener la construcci\u00f3n de la nueva residencia de mayores en La L\u00ednea, cerrar la antigua y pasar los usuarios a la empresa ASANSULL, privatizando este servicio con un alto coste para los trabajadores p\u00fablicos que la atend\u00edan. Por ello, <strong>pese a la obstinaci\u00f3n de la administraci\u00f3n linense en no responder, queremos conocer los expedientes y el motivo por el que unas obras se detienen y exigen nueva documentaci\u00f3n cuando cambia la normativa y en otras simplemente miran para otro lado ante las infracciones<\/strong>\u00ab.<\/p>\n\n\n\n<p><\/p>\n","protected":false},"excerpt":{"rendered":"<div class=\"mh-excerpt\"><p>Desde el Consejo de Transparencia de Andaluc\u00eda se ha resuelto reclamaci\u00f3n presentada por DCA ante el abuso del silencio administrativo por parte del Ayuntamiento de <a class=\"mh-excerpt-more\" href=\"https:\/\/democraciaactiva.eu\/?p=1961\" title=\"Dan 15 d\u00edas al Ayuntamiento de La L\u00ednea para entregar la documentaci\u00f3n del Hospital\">[&#8230;]<\/a><\/p>\n<\/div>","protected":false},"author":1,"featured_media":1964,"comment_status":"closed","ping_status":"open","sticky":false,"template":"","format":"standard","meta":[],"categories":[1],"tags":[],"_links":{"self":[{"href":"https:\/\/democraciaactiva.eu\/index.php?rest_route=\/wp\/v2\/posts\/1961"}],"collection":[{"href":"https:\/\/democraciaactiva.eu\/index.php?rest_route=\/wp\/v2\/posts"}],"about":[{"href":"https:\/\/democraciaactiva.eu\/index.php?rest_route=\/wp\/v2\/types\/post"}],"author":[{"embeddable":true,"href":"https:\/\/democraciaactiva.eu\/index.php?rest_route=\/wp\/v2\/users\/1"}],"replies":[{"embeddable":true,"href":"https:\/\/democraciaactiva.eu\/index.php?rest_route=%2Fwp%2Fv2%2Fcomments&post=1961"}],"version-history":[{"count":2,"href":"https:\/\/democraciaactiva.eu\/index.php?rest_route=\/wp\/v2\/posts\/1961\/revisions"}],"predecessor-version":[{"id":1966,"href":"https:\/\/democraciaactiva.eu\/index.php?rest_route=\/wp\/v2\/posts\/1961\/revisions\/1966"}],"wp:featuredmedia":[{"embeddable":true,"href":"https:\/\/democraciaactiva.eu\/index.php?rest_route=\/wp\/v2\/media\/1964"}],"wp:attachment":[{"href":"https:\/\/democraciaactiva.eu\/index.php?rest_route=%2Fwp%2Fv2%2Fmedia&parent=1961"}],"wp:term":[{"taxonomy":"category","embeddable":true,"href":"https:\/\/democraciaactiva.eu\/index.php?rest_route=%2Fwp%2Fv2%2Fcategories&post=1961"},{"taxonomy":"post_tag","embeddable":true,"href":"https:\/\/democraciaactiva.eu\/index.php?rest_route=%2Fwp%2Fv2%2Ftags&post=1961"}],"curies":[{"name":"wp","href":"https:\/\/api.w.org\/{rel}","templated":true}]}}