{"id":1940,"date":"2020-10-23T13:48:40","date_gmt":"2020-10-23T13:48:40","guid":{"rendered":"http:\/\/democraciaactiva.eu\/?p=1940"},"modified":"2020-10-23T13:49:28","modified_gmt":"2020-10-23T13:49:28","slug":"los-registros-telematicos-no-son-validos-para-el-consejo-de-transparencia","status":"publish","type":"post","link":"https:\/\/democraciaactiva.eu\/?p=1940","title":{"rendered":"Los registros telem\u00e1ticos no son v\u00e1lidos para el Consejo de Transparencia"},"content":{"rendered":"\n<p>Estos d\u00edas hemos visto curiosas resoluciones del Consejo de Transparencia y Protecci\u00f3n de Datos en Andaluc\u00eda. Entre ellas las que inadmiten peticiones por \u00abcarecer de registro de entrada\u00bb, aunque \u00e9stas hab\u00edan sido tramitadas de forma telem\u00e1tica ante las administraciones p\u00fablicas.<\/p>\n\n\n\n<p>La reclamaci\u00f3n se dirig\u00eda contra una administraci\u00f3n local y sigui\u00f3 el procedimiento habitual: el Consejo de Transparencia pide informaci\u00f3n a la administraci\u00f3n y luego resuelve.<\/p>\n\n\n\n<p>En este caso <strong>la administraci\u00f3n dijo al Consejo de Transparencia que no ten\u00eda la solicitud de informaci\u00f3n p\u00fablica<\/strong>, no reconoci\u00f3 la copia presentada por el Consejo de Transparencia, y finalmente, m\u00e1s de un a\u00f1o despu\u00e9s de recibir la contestaci\u00f3n de la administraci\u00f3n local<strong>, el Consejo de Transparencia resuelve inadmitiendo la reclamaci\u00f3n porque, seg\u00fan su interpretaci\u00f3n, carec\u00eda de registro de entrada.<\/strong><\/p>\n\n\n\n<figure class=\"wp-block-image\"><a href=\"https:\/\/democraciaactiva.eu\/wp-content\/uploads\/2020\/10\/image-5.png\"><img decoding=\"async\" loading=\"lazy\" width=\"836\" height=\"1024\" src=\"https:\/\/democraciaactiva.eu\/wp-content\/uploads\/2020\/10\/image-5-836x1024.png\" alt=\"\" class=\"wp-image-1942\" srcset=\"https:\/\/democraciaactiva.eu\/wp-content\/uploads\/2020\/10\/image-5-836x1024.png 836w, https:\/\/democraciaactiva.eu\/wp-content\/uploads\/2020\/10\/image-5-245x300.png 245w, https:\/\/democraciaactiva.eu\/wp-content\/uploads\/2020\/10\/image-5-768x940.png 768w, https:\/\/democraciaactiva.eu\/wp-content\/uploads\/2020\/10\/image-5.png 864w\" sizes=\"(max-width: 836px) 100vw, 836px\" \/><\/a><\/figure>\n\n\n\n<p><strong>En realidad el documento s\u00ed ten\u00eda registro de entrada, pero \u00e9ste era telem\u00e1tico<\/strong> a trav\u00e9s de la sede electr\u00f3nica de la Diputaci\u00f3n Provincial. El Consejo de Transparencia no aclara en su resoluci\u00f3n qu\u00e9 les lleva a ignorar esos registros pero evidentemente suponen la posibilidad de la administraci\u00f3n de eliminar cualquier petici\u00f3n ciudadana simplemente ignor\u00e1ndola. <strong>En rojo se\u00f1alamos el registro de entrada original<\/strong>, aunque luego hay otro registro marcado en azul que corresponde al env\u00edo a la administraci\u00f3n auton\u00f3mica.<\/p>\n\n\n\n<figure class=\"wp-block-image\"><a href=\"https:\/\/democraciaactiva.eu\/wp-content\/uploads\/2020\/10\/image-4.png\"><img decoding=\"async\" loading=\"lazy\" width=\"723\" height=\"1024\" src=\"https:\/\/democraciaactiva.eu\/wp-content\/uploads\/2020\/10\/image-4-723x1024.png\" alt=\"\" class=\"wp-image-1941\" srcset=\"https:\/\/democraciaactiva.eu\/wp-content\/uploads\/2020\/10\/image-4-723x1024.png 723w, https:\/\/democraciaactiva.eu\/wp-content\/uploads\/2020\/10\/image-4-212x300.png 212w, https:\/\/democraciaactiva.eu\/wp-content\/uploads\/2020\/10\/image-4-768x1087.png 768w, https:\/\/democraciaactiva.eu\/wp-content\/uploads\/2020\/10\/image-4.png 864w\" sizes=\"(max-width: 723px) 100vw, 723px\" \/><\/a><\/figure>\n\n\n\n<p>Hasta hoy nos resultaba impensable que una administraci\u00f3n pudiera excusarse en su caos organizativo para rechazar las peticiones de informaci\u00f3n p\u00fablica. A partir de hoy, debido a las resoluciones (porque son varias en ese sentido) del Consejo de Transparencia de Andaluc\u00eda, es evidente que puede ocurrir.<\/p>\n\n\n\n<p>Ello nos obliga a redactar nuevos protocolos para identificar y exigir la responsabilidad que corresponda al personal responsable de la tramitaci\u00f3n de las solicitudes. <strong>No es de recibo que en pleno siglo XXI puedan \u00abextraviarse\u00bb peticiones realizadas telem\u00e1ticamente, ignorarlas durante a\u00f1os, rechazar las instituciones de control cualquier reclamaci\u00f3n por ello, y adem\u00e1s sin responsables ni consecuencias<\/strong>.<\/p>\n","protected":false},"excerpt":{"rendered":"<div class=\"mh-excerpt\"><p>Estos d\u00edas hemos visto curiosas resoluciones del Consejo de Transparencia y Protecci\u00f3n de Datos en Andaluc\u00eda. Entre ellas las que inadmiten peticiones por \u00abcarecer de <a class=\"mh-excerpt-more\" href=\"https:\/\/democraciaactiva.eu\/?p=1940\" title=\"Los registros telem\u00e1ticos no son v\u00e1lidos para el Consejo de Transparencia\">[&#8230;]<\/a><\/p>\n<\/div>","protected":false},"author":1,"featured_media":1942,"comment_status":"open","ping_status":"open","sticky":false,"template":"","format":"standard","meta":[],"categories":[1],"tags":[],"_links":{"self":[{"href":"https:\/\/democraciaactiva.eu\/index.php?rest_route=\/wp\/v2\/posts\/1940"}],"collection":[{"href":"https:\/\/democraciaactiva.eu\/index.php?rest_route=\/wp\/v2\/posts"}],"about":[{"href":"https:\/\/democraciaactiva.eu\/index.php?rest_route=\/wp\/v2\/types\/post"}],"author":[{"embeddable":true,"href":"https:\/\/democraciaactiva.eu\/index.php?rest_route=\/wp\/v2\/users\/1"}],"replies":[{"embeddable":true,"href":"https:\/\/democraciaactiva.eu\/index.php?rest_route=%2Fwp%2Fv2%2Fcomments&post=1940"}],"version-history":[{"count":2,"href":"https:\/\/democraciaactiva.eu\/index.php?rest_route=\/wp\/v2\/posts\/1940\/revisions"}],"predecessor-version":[{"id":1944,"href":"https:\/\/democraciaactiva.eu\/index.php?rest_route=\/wp\/v2\/posts\/1940\/revisions\/1944"}],"wp:featuredmedia":[{"embeddable":true,"href":"https:\/\/democraciaactiva.eu\/index.php?rest_route=\/wp\/v2\/media\/1942"}],"wp:attachment":[{"href":"https:\/\/democraciaactiva.eu\/index.php?rest_route=%2Fwp%2Fv2%2Fmedia&parent=1940"}],"wp:term":[{"taxonomy":"category","embeddable":true,"href":"https:\/\/democraciaactiva.eu\/index.php?rest_route=%2Fwp%2Fv2%2Fcategories&post=1940"},{"taxonomy":"post_tag","embeddable":true,"href":"https:\/\/democraciaactiva.eu\/index.php?rest_route=%2Fwp%2Fv2%2Ftags&post=1940"}],"curies":[{"name":"wp","href":"https:\/\/api.w.org\/{rel}","templated":true}]}}