{"id":194,"date":"2014-04-21T08:50:17","date_gmt":"2014-04-21T07:50:17","guid":{"rendered":"http:\/\/democraciaactiva.eu\/?p=194"},"modified":"2014-04-21T08:50:17","modified_gmt":"2014-04-21T07:50:17","slug":"quejas-por-una-sevilla-mas-inaccesible-en-semana-santa","status":"publish","type":"post","link":"https:\/\/democraciaactiva.eu\/?p=194","title":{"rendered":"Quejas por una Sevilla m\u00e1s inaccesible en Semana Santa"},"content":{"rendered":"<p>La Asociaci\u00f3n Defensa Ciudadana Activa ha iniciado expediente informativo a ra\u00edz de quejas por la destrucci\u00f3n de los accesos para discapacitados en el centro de Sevilla durante la Semana Santa.<\/p>\n<p>Estos accesos han sido elevados, al parecer para soportar palcos de cara a las procesiones de estas fechas, consiguiendo una ciudad m\u00e1s inaccesible para los ciudadanos que precisen de silla de ruedas.<\/p>\n<p>Aunque todo apunta a que se trata de algo temporal, desde DCA se indic\u00f3 que \u201csi se ha privatizado esa zona de Sevilla en estas fechas deber\u00eda estar se\u00f1alizado convenientemente, indicando qu\u00e9 itinerarios alternativos tienen los ciudadanos que transiten por la zona.\u201d<\/p>\n<p><a href=\"https:\/\/democraciaactiva.eu\/wp-content\/uploads\/2014\/04\/Acerado3.jpg\"><img decoding=\"async\" loading=\"lazy\" class=\"aligncenter size-medium wp-image-196\" alt=\"Acerado3\" src=\"https:\/\/democraciaactiva.eu\/wp-content\/uploads\/2014\/04\/Acerado3-300x168.jpg\" width=\"300\" height=\"168\" \/><\/a><\/p>\n<p>Por ello DCA ha remitido una petici\u00f3n a la oficina de accesibilidad del Ayuntamiento de Sevilla, solicitando informaci\u00f3n sobre la actuaci\u00f3n llevada a cabo as\u00ed como si se han previsto itinerarios alternativos y \u00e9stos se encontraban adecuadamente se\u00f1alizados. \u201cSi esto no se cumpli\u00f3 debe tenerse en cuenta en el futuro, sin perjuicio de que el bloqueo de los accesos al acerado deber\u00eda durar el tiempo m\u00ednimo imprescindible, algo que al parecer tampoco se est\u00e1 teniendo en cuenta.\u201d, criticaron.<\/p>\n<p>\u201cSi van a ocupar las aceras para cobrar por los palcos, al menos deber\u00edan dejar una franja u ocupar una zona de la calzada se\u00f1alada para el tr\u00e1nsito de ciudadanos de forma segura, sin el riesgo de atropello que provocan la eliminaci\u00f3n de los accesos al acerado.\u201d, finalizaron.<\/p>\n<p><a href=\"https:\/\/democraciaactiva.eu\/wp-content\/uploads\/2014\/04\/Acerado1.jpg\"><img decoding=\"async\" loading=\"lazy\" class=\"aligncenter size-medium wp-image-195\" alt=\"Acerado1\" src=\"https:\/\/democraciaactiva.eu\/wp-content\/uploads\/2014\/04\/Acerado1-300x168.jpg\" width=\"300\" height=\"168\" \/><\/a><\/p>\n<p>P.D.: En caso de que cualquier ciudadano quiera consultar informaci\u00f3n sobre estas actuaciones, la oficina de accesibilidad del Ayuntamiento de Sevilla se encuentra en Avenida Carlos III s\/n, 41.092, Isla de la Cartuja (Sevilla), tel\u00e9fono 955 476 666. <\/p>\n","protected":false},"excerpt":{"rendered":"<div class=\"mh-excerpt\"><p>La Asociaci\u00f3n Defensa Ciudadana Activa ha iniciado expediente informativo a ra\u00edz de quejas por la destrucci\u00f3n de los accesos para discapacitados en el centro de <a class=\"mh-excerpt-more\" href=\"https:\/\/democraciaactiva.eu\/?p=194\" title=\"Quejas por una Sevilla m\u00e1s inaccesible en Semana Santa\">[&#8230;]<\/a><\/p>\n<\/div>","protected":false},"author":1,"featured_media":0,"comment_status":"open","ping_status":"open","sticky":false,"template":"","format":"standard","meta":[],"categories":[12],"tags":[],"_links":{"self":[{"href":"https:\/\/democraciaactiva.eu\/index.php?rest_route=\/wp\/v2\/posts\/194"}],"collection":[{"href":"https:\/\/democraciaactiva.eu\/index.php?rest_route=\/wp\/v2\/posts"}],"about":[{"href":"https:\/\/democraciaactiva.eu\/index.php?rest_route=\/wp\/v2\/types\/post"}],"author":[{"embeddable":true,"href":"https:\/\/democraciaactiva.eu\/index.php?rest_route=\/wp\/v2\/users\/1"}],"replies":[{"embeddable":true,"href":"https:\/\/democraciaactiva.eu\/index.php?rest_route=%2Fwp%2Fv2%2Fcomments&post=194"}],"version-history":[{"count":0,"href":"https:\/\/democraciaactiva.eu\/index.php?rest_route=\/wp\/v2\/posts\/194\/revisions"}],"wp:attachment":[{"href":"https:\/\/democraciaactiva.eu\/index.php?rest_route=%2Fwp%2Fv2%2Fmedia&parent=194"}],"wp:term":[{"taxonomy":"category","embeddable":true,"href":"https:\/\/democraciaactiva.eu\/index.php?rest_route=%2Fwp%2Fv2%2Fcategories&post=194"},{"taxonomy":"post_tag","embeddable":true,"href":"https:\/\/democraciaactiva.eu\/index.php?rest_route=%2Fwp%2Fv2%2Ftags&post=194"}],"curies":[{"name":"wp","href":"https:\/\/api.w.org\/{rel}","templated":true}]}}