{"id":1933,"date":"2020-10-09T15:09:31","date_gmt":"2020-10-09T15:09:31","guid":{"rendered":"http:\/\/democraciaactiva.eu\/?p=1933"},"modified":"2020-10-23T15:06:28","modified_gmt":"2020-10-23T15:06:28","slug":"la-administracion-electronica-no-tiene-sentido-en-andalucia","status":"publish","type":"post","link":"https:\/\/democraciaactiva.eu\/?p=1933","title":{"rendered":"La Administraci\u00f3n Electr\u00f3nica no tiene sentido en Andaluc\u00eda"},"content":{"rendered":"\n<p>Eso al menos deducimos de la respuesta dada por la Consejer\u00eda de Administraci\u00f3n Local a una solicitud de intervenci\u00f3n por el <strong>exceso de documentaci\u00f3n que solicitan<\/strong> algunas administraciones locales.<\/p>\n\n\n\n<p>El pasado 1 de octubre realizamos consulta sobre la exigencia de abundante documentaci\u00f3n a los ciudadanos que les llevar\u00eda a recorrer las diferentes administraciones por unos documentos que <strong>f\u00e1cilmente podr\u00edan transmitirse entre ellas.<\/strong><\/p>\n\n\n\n<figure class=\"wp-block-image\"><a href=\"https:\/\/democraciaactiva.eu\/wp-content\/uploads\/2020\/10\/image-1.png\"><img decoding=\"async\" loading=\"lazy\" width=\"753\" height=\"1024\" src=\"https:\/\/democraciaactiva.eu\/wp-content\/uploads\/2020\/10\/image-1-753x1024.png\" alt=\"\" class=\"wp-image-1935\" srcset=\"https:\/\/democraciaactiva.eu\/wp-content\/uploads\/2020\/10\/image-1-753x1024.png 753w, https:\/\/democraciaactiva.eu\/wp-content\/uploads\/2020\/10\/image-1-221x300.png 221w, https:\/\/democraciaactiva.eu\/wp-content\/uploads\/2020\/10\/image-1.png 755w\" sizes=\"(max-width: 753px) 100vw, 753px\" \/><\/a><\/figure>\n\n\n\n<p><\/p>\n\n\n\n<p>En su respuesta la administraci\u00f3n auton\u00f3mica, que <strong>en todo momento evita referirse a la normativa vigente como el art. 53.d <\/strong>de la Ley 39\/2015, indica que \u00abpedir requisitos es una garant\u00eda de buena calidad en la gesti\u00f3n de los fondos p\u00fablicos\u00bb, lo cual es cierto, pero <strong>no cuando la administraci\u00f3n exige al ciudadano que haga su trabajo paseando de ventanilla en ventanilla <\/strong>para recopilar documentos que no deber\u00edan exigirle.<\/p>\n\n\n\n<figure class=\"wp-block-image\"><a href=\"https:\/\/democraciaactiva.eu\/wp-content\/uploads\/2020\/10\/image.png\"><img decoding=\"async\" loading=\"lazy\" width=\"698\" height=\"994\" src=\"https:\/\/democraciaactiva.eu\/wp-content\/uploads\/2020\/10\/image.png\" alt=\"\" class=\"wp-image-1934\" srcset=\"https:\/\/democraciaactiva.eu\/wp-content\/uploads\/2020\/10\/image.png 698w, https:\/\/democraciaactiva.eu\/wp-content\/uploads\/2020\/10\/image-211x300.png 211w\" sizes=\"(max-width: 698px) 100vw, 698px\" \/><\/a><\/figure>\n\n\n\n<p><\/p>\n\n\n\n<p>Por otro lado, tambi\u00e9n opina la administraci\u00f3n auton\u00f3mica que no supone \u00abun detrimento o limitaci\u00f3n de derechos\u00bb. Probablemente porque esa opini\u00f3n la emiten quienes no <strong>deben pedir cita en una ventanilla, que en estas fechas puede tardar meses, desplazarse kil\u00f3metros en horario laboral sin que quepa un permiso para \u00abrecoger papeles para el ni\u00f1o\u00bb<\/strong>, o disponer de medios y conocimientos para realizar las funciones telem\u00e1ticamente, que tambi\u00e9n se antoja bastante complicado cuando las administraciones no facilitan gran parte de la documentaci\u00f3n en soporte digital.<\/p>\n\n\n\n<p>De un total de 11 requisitos exigidos por la administraci\u00f3n local para poder presentar su solicitud <strong>solo 4 ser\u00edan exigibles<\/strong> conforme al art. 53.d citado. El resto se encuentra en poder de las diferentes administraciones p\u00fablicas pero, una vez m\u00e1s, <strong>la falta de formaci\u00f3n, medios o voluntad hace que las administraciones carguen sobre los ciudadanos<\/strong> el trabajo de recopilar documentos de ventanilla en ventanilla, y s\u00f3lo quienes consigan superar esa marat\u00f3n burocr\u00e1tica podr\u00e1n obtener el sello de entrada.<\/p>\n\n\n\n<figure class=\"wp-block-image\"><a href=\"https:\/\/democraciaactiva.eu\/wp-content\/uploads\/2020\/10\/image-2.png\"><img decoding=\"async\" loading=\"lazy\" width=\"827\" height=\"651\" src=\"https:\/\/democraciaactiva.eu\/wp-content\/uploads\/2020\/10\/image-2.png\" alt=\"\" class=\"wp-image-1936\" srcset=\"https:\/\/democraciaactiva.eu\/wp-content\/uploads\/2020\/10\/image-2.png 827w, https:\/\/democraciaactiva.eu\/wp-content\/uploads\/2020\/10\/image-2-300x236.png 300w, https:\/\/democraciaactiva.eu\/wp-content\/uploads\/2020\/10\/image-2-768x605.png 768w\" sizes=\"(max-width: 827px) 100vw, 827px\" \/><\/a><\/figure>\n\n\n\n<p><\/p>\n\n\n\n<p>De esa forma muchas familias <strong>puede que no consigan presentar sus solicitudes, ahogadas por el papeleo<\/strong>, o s\u00ed, dependiendo de si le cayeron en gracia al pol\u00edtico de turno y \u00abpas\u00f3 la mano\u00bb, pero parece m\u00e1s que evidente que desde luego s\u00ed <strong>se produce un detrimento y limitaci\u00f3n de derechos a los ciudadanos cuando quien deber\u00eda garantizar el cumplimiento de la Ley se la salta.<\/strong><\/p>\n\n\n\n<p>Obedeciendo la atenta respuesta de la administraci\u00f3n auton\u00f3mica, <strong>iniciamos los recursos pertinentes ante las instituciones competentes, para aclara cu\u00e1ndo se derog\u00f3 el art. 53 de la Ley 39\/2015 <\/strong>o si s\u00f3lo es una caracter\u00edstica m\u00e1s de las \u00abadministraciones-cortijo\u00bb.<br><br><\/p>\n\n\n\n<figure class=\"wp-block-image\"><a href=\"https:\/\/democraciaactiva.eu\/wp-content\/uploads\/2020\/10\/image-3.png\"><img decoding=\"async\" loading=\"lazy\" width=\"712\" height=\"1024\" src=\"https:\/\/democraciaactiva.eu\/wp-content\/uploads\/2020\/10\/image-3-712x1024.png\" alt=\"\" class=\"wp-image-1937\" srcset=\"https:\/\/democraciaactiva.eu\/wp-content\/uploads\/2020\/10\/image-3-712x1024.png 712w, https:\/\/democraciaactiva.eu\/wp-content\/uploads\/2020\/10\/image-3-209x300.png 209w, https:\/\/democraciaactiva.eu\/wp-content\/uploads\/2020\/10\/image-3.png 717w\" sizes=\"(max-width: 712px) 100vw, 712px\" \/><\/a><\/figure>\n\n\n\n<p><\/p>\n","protected":false},"excerpt":{"rendered":"<div class=\"mh-excerpt\"><p>Eso al menos deducimos de la respuesta dada por la Consejer\u00eda de Administraci\u00f3n Local a una solicitud de intervenci\u00f3n por el exceso de documentaci\u00f3n que <a class=\"mh-excerpt-more\" href=\"https:\/\/democraciaactiva.eu\/?p=1933\" title=\"La Administraci\u00f3n Electr\u00f3nica no tiene sentido en Andaluc\u00eda\">[&#8230;]<\/a><\/p>\n<\/div>","protected":false},"author":1,"featured_media":1934,"comment_status":"open","ping_status":"open","sticky":false,"template":"","format":"standard","meta":[],"categories":[1],"tags":[],"_links":{"self":[{"href":"https:\/\/democraciaactiva.eu\/index.php?rest_route=\/wp\/v2\/posts\/1933"}],"collection":[{"href":"https:\/\/democraciaactiva.eu\/index.php?rest_route=\/wp\/v2\/posts"}],"about":[{"href":"https:\/\/democraciaactiva.eu\/index.php?rest_route=\/wp\/v2\/types\/post"}],"author":[{"embeddable":true,"href":"https:\/\/democraciaactiva.eu\/index.php?rest_route=\/wp\/v2\/users\/1"}],"replies":[{"embeddable":true,"href":"https:\/\/democraciaactiva.eu\/index.php?rest_route=%2Fwp%2Fv2%2Fcomments&post=1933"}],"version-history":[{"count":1,"href":"https:\/\/democraciaactiva.eu\/index.php?rest_route=\/wp\/v2\/posts\/1933\/revisions"}],"predecessor-version":[{"id":1938,"href":"https:\/\/democraciaactiva.eu\/index.php?rest_route=\/wp\/v2\/posts\/1933\/revisions\/1938"}],"wp:featuredmedia":[{"embeddable":true,"href":"https:\/\/democraciaactiva.eu\/index.php?rest_route=\/wp\/v2\/media\/1934"}],"wp:attachment":[{"href":"https:\/\/democraciaactiva.eu\/index.php?rest_route=%2Fwp%2Fv2%2Fmedia&parent=1933"}],"wp:term":[{"taxonomy":"category","embeddable":true,"href":"https:\/\/democraciaactiva.eu\/index.php?rest_route=%2Fwp%2Fv2%2Fcategories&post=1933"},{"taxonomy":"post_tag","embeddable":true,"href":"https:\/\/democraciaactiva.eu\/index.php?rest_route=%2Fwp%2Fv2%2Ftags&post=1933"}],"curies":[{"name":"wp","href":"https:\/\/api.w.org\/{rel}","templated":true}]}}