{"id":1923,"date":"2020-09-23T08:28:28","date_gmt":"2020-09-23T08:28:28","guid":{"rendered":"http:\/\/democraciaactiva.eu\/?p=1923"},"modified":"2020-09-23T15:02:51","modified_gmt":"2020-09-23T15:02:51","slug":"la-revolucion-analogica-en-la-consejeria-de-salud","status":"publish","type":"post","link":"https:\/\/democraciaactiva.eu\/?p=1923","title":{"rendered":"La \u00abrevoluci\u00f3n anal\u00f3gica\u00bb en la Consejer\u00eda de Pol\u00edticas Sociales"},"content":{"rendered":"\n<p style=\"font-size:0\">Esta ma\u00f1ana hemos sabido de una conversaci\u00f3n algo surrealista entre una administraci\u00f3n, supuestamente p\u00fablica, y un administrado que a\u00fan no da cr\u00e9dito a las respuestas.<\/p>\n\n\n\n<p>Una persona solicita, a\u00f1os atr\u00e1s, el reconocimiento del grado de discapacidad, y pasado el tiempo empieza a inquietarse porque comprueba que cada mes se atienden, inclusive en d\u00edas, solicitudes de otras personas, por lo que l\u00f3gicamente se interesa por el criterio de atenci\u00f3n de las solicitudes.<\/p>\n\n\n\n<p>Esta ma\u00f1ana se telefonea para saber si hay alguna explicaci\u00f3n que puedan darle verbalmente y su sorpresa es que le informan que hace 3 meses se le requiri\u00f3 documentaci\u00f3n. Concretamente copia del DNI y de los informes m\u00e9dicos.<\/p>\n\n\n\n<p>Al decirle que no pensaba presentar eso, que no le era exigible por el art. 53 de la Ley 39\/2015 al tener esos datos ya la administraci\u00f3n, la respuesta fue \u00abusted tendr\u00e1 muchos art\u00edculos pero eso es lo que se le ha pedido\u00bb&#8230; <strong>argumento jur\u00eddico que explicar\u00eda que esta administraci\u00f3n acumule a\u00f1os de retraso en la atenci\u00f3n a los ciudadanos<\/strong>.<\/p>\n\n\n\n<p>Pero lo primero que llam\u00f3 la atenci\u00f3n fue cuando se pregunta \u00ab\u00bfd\u00f3nde me han mandado esa petici\u00f3n? No he recibido ning\u00fan correo electr\u00f3nico&#8230;\u00bb. La respuesta fue muy concisa: \u00ab<strong>a la direcci\u00f3n que puso en el formulario&#8230;<\/strong>\u00bb sin querer decir cu\u00e1l.<\/p>\n\n\n\n<p>La cuesti\u00f3n es que <strong>la direcci\u00f3n postal no debe ser obligatoria cuando eliges expresamente notificaci\u00f3n telem\u00e1tica<\/strong>, pero la p\u00e1gina del registro de la Junta de Andaluc\u00eda no te deja seguir si no pones una direcci\u00f3n, con lo que hay ciudadanos que ponen una direcci\u00f3n como \u00e9sta&#8230;<\/p>\n\n\n\n<figure class=\"wp-block-image\"><img decoding=\"async\" loading=\"lazy\" width=\"733\" height=\"717\" src=\"https:\/\/democraciaactiva.eu\/wp-content\/uploads\/2020\/09\/image.png\" alt=\"\" class=\"wp-image-1924\" srcset=\"https:\/\/democraciaactiva.eu\/wp-content\/uploads\/2020\/09\/image.png 733w, https:\/\/democraciaactiva.eu\/wp-content\/uploads\/2020\/09\/image-300x293.png 300w\" sizes=\"(max-width: 733px) 100vw, 733px\" \/><\/figure>\n\n\n\n<p>Es decir, que la administraci\u00f3n ha enviado su requerimiento a la <strong>\u00abcalle Sin direcci\u00f3n postal n\u00ba 0\u00bb<\/strong> de alguna localidad gaditana. \u00a1Y se han quedado tan anchos!<\/p>\n\n\n\n<p>No es la primera vez que lo hacen, y en otras ocasiones incluso han llegado las notificaciones a su destino porque correos conoc\u00eda a los titulares, pero en \u00e9sta parece que no. <strong>\u00bfQu\u00e9 ocurre ahora?, \u00bfpuede la administraci\u00f3n saltarse todas las peticiones expresas de comunicaci\u00f3n telem\u00e1tica y notificar a direcciones postales inexistentes?<\/strong> A \u00e9sas y otras preguntas deber\u00e1 responder la Consejer\u00eda de Pol\u00edticas Sociales de la Junta de Andaluc\u00eda.<\/p>\n\n\n\n<p>Pero a\u00fan hay m\u00e1s, porque el motivo del requerimiento al parecer era solicitar copia del DNI y de los informes m\u00e9dicos, algo que <strong>tampoco es exigible m\u00e1xime cuando en el formulario se ha autorizado a la administraci\u00f3n a comprobarlos.<\/strong><\/p>\n\n\n\n<figure class=\"wp-block-image\"><img decoding=\"async\" loading=\"lazy\" width=\"601\" height=\"788\" src=\"https:\/\/democraciaactiva.eu\/wp-content\/uploads\/2020\/09\/image-2.png\" alt=\"\" class=\"wp-image-1926\" srcset=\"https:\/\/democraciaactiva.eu\/wp-content\/uploads\/2020\/09\/image-2.png 601w, https:\/\/democraciaactiva.eu\/wp-content\/uploads\/2020\/09\/image-2-229x300.png 229w\" sizes=\"(max-width: 601px) 100vw, 601px\" \/><\/figure>\n\n\n\n<p>  <strong>\u00bfDe qu\u00e9 sirven entonces los formularios si no hacen caso a ninguna de las casillas marcadas? <\/strong><\/p>\n\n\n\n<p>Finalmente han podido acceder a lo que se hab\u00eda remitido por correo y&#8230; \u00a1m\u00e1s sorpresas! <strong>Se ha enviado a un municipio totalmente distinto<\/strong>, que ni corresponde a la demarcaci\u00f3n que lo env\u00eda ni al c\u00f3digo postal, adem\u00e1s<strong> cambian el nombre de la solicitante<\/strong> porque posiblemente han dado con alguien con el mismo nombre y apellidos en esa poblaci\u00f3n y \u00abla noche les confundi\u00f3\u00bb, y para rematar <strong>cambian la calle, muy educadamente, de \u00abSin domicilio postal\u00bb a \u00abSin domicilio particular\u00bb<\/strong>. Cosa que es de agradecer y denota que al menos se leyeron, y tradujeron a su manera, la direcci\u00f3n&#8230;<\/p>\n\n\n\n<figure class=\"wp-block-image\"><img decoding=\"async\" loading=\"lazy\" width=\"718\" height=\"1024\" src=\"https:\/\/democraciaactiva.eu\/wp-content\/uploads\/2020\/09\/image-3-718x1024.png\" alt=\"\" class=\"wp-image-1929\" srcset=\"https:\/\/democraciaactiva.eu\/wp-content\/uploads\/2020\/09\/image-3-718x1024.png 718w, https:\/\/democraciaactiva.eu\/wp-content\/uploads\/2020\/09\/image-3-210x300.png 210w, https:\/\/democraciaactiva.eu\/wp-content\/uploads\/2020\/09\/image-3-768x1095.png 768w\" sizes=\"(max-width: 718px) 100vw, 718px\" \/><\/figure>\n\n\n\n<p><\/p>\n\n\n\n<p><strong>\u00bfAlguien tiene alguna explicaci\u00f3n a este funcionamiento de una supuesta administraci\u00f3n p\u00fablica? Al menos ya sabemos el motivo de que lleven m\u00e1s de un a\u00f1o de retraso, y lo extra\u00f1o es que no acumulen d\u00e9cadas con este proceder.<\/strong><\/p>\n\n\n\n<figure class=\"wp-block-image\"><img alt=\"\"\/><\/figure>\n\n\n\n<p><br><\/p>\n","protected":false},"excerpt":{"rendered":"<div class=\"mh-excerpt\"><p>Esta ma\u00f1ana hemos sabido de una conversaci\u00f3n algo surrealista entre una administraci\u00f3n, supuestamente p\u00fablica, y un administrado que a\u00fan no da cr\u00e9dito a las respuestas. <a class=\"mh-excerpt-more\" href=\"https:\/\/democraciaactiva.eu\/?p=1923\" title=\"La \u00abrevoluci\u00f3n anal\u00f3gica\u00bb en la Consejer\u00eda de Pol\u00edticas Sociales\">[&#8230;]<\/a><\/p>\n<\/div>","protected":false},"author":1,"featured_media":1924,"comment_status":"open","ping_status":"open","sticky":false,"template":"","format":"standard","meta":[],"categories":[4],"tags":[],"_links":{"self":[{"href":"https:\/\/democraciaactiva.eu\/index.php?rest_route=\/wp\/v2\/posts\/1923"}],"collection":[{"href":"https:\/\/democraciaactiva.eu\/index.php?rest_route=\/wp\/v2\/posts"}],"about":[{"href":"https:\/\/democraciaactiva.eu\/index.php?rest_route=\/wp\/v2\/types\/post"}],"author":[{"embeddable":true,"href":"https:\/\/democraciaactiva.eu\/index.php?rest_route=\/wp\/v2\/users\/1"}],"replies":[{"embeddable":true,"href":"https:\/\/democraciaactiva.eu\/index.php?rest_route=%2Fwp%2Fv2%2Fcomments&post=1923"}],"version-history":[{"count":4,"href":"https:\/\/democraciaactiva.eu\/index.php?rest_route=\/wp\/v2\/posts\/1923\/revisions"}],"predecessor-version":[{"id":1931,"href":"https:\/\/democraciaactiva.eu\/index.php?rest_route=\/wp\/v2\/posts\/1923\/revisions\/1931"}],"wp:featuredmedia":[{"embeddable":true,"href":"https:\/\/democraciaactiva.eu\/index.php?rest_route=\/wp\/v2\/media\/1924"}],"wp:attachment":[{"href":"https:\/\/democraciaactiva.eu\/index.php?rest_route=%2Fwp%2Fv2%2Fmedia&parent=1923"}],"wp:term":[{"taxonomy":"category","embeddable":true,"href":"https:\/\/democraciaactiva.eu\/index.php?rest_route=%2Fwp%2Fv2%2Fcategories&post=1923"},{"taxonomy":"post_tag","embeddable":true,"href":"https:\/\/democraciaactiva.eu\/index.php?rest_route=%2Fwp%2Fv2%2Ftags&post=1923"}],"curies":[{"name":"wp","href":"https:\/\/api.w.org\/{rel}","templated":true}]}}