{"id":1915,"date":"2020-07-15T13:38:02","date_gmt":"2020-07-15T13:38:02","guid":{"rendered":"http:\/\/democraciaactiva.eu\/?p=1915"},"modified":"2020-07-16T05:33:58","modified_gmt":"2020-07-16T05:33:58","slug":"el-juzgado-archiva-la-denuncia-de-ruiz-boix-contra-dca","status":"publish","type":"post","link":"https:\/\/democraciaactiva.eu\/?p=1915","title":{"rendered":"El Juzgado archiva la denuncia de Ruiz Boix contra DCA"},"content":{"rendered":"\n<p>El Juzgado Mixto n\u00ba 1 de San Roque ha archivado definitivamente la denuncia que el Alcalde de San Roque, Juan Carlos Ruiz Boix , orden\u00f3 interponer contra la asociaci\u00f3n Defensa Ciudadana Activa en el a\u00f1o 2014.<\/p>\n\n\n\n<p>Los hechos se remotan a finales de 2013, cuando<strong> la Asociaci\u00f3n Defensa Ciudadana Activa hizo p\u00fablico un grave fallo de seguridad en la web municipal que pon\u00eda al descubierto datos de empleados municipales.<\/strong><\/p>\n\n\n\n<p>El Alcalde de la localidad, Juan Carlos Ruiz Boix en lugar de interesarse por el problema y solucionarlo, decidi\u00f3 denunciar a la asociaci\u00f3n utilizando todos los medios p\u00fablicos a su alcance por la v\u00eda penal, <strong>siendo su denuncia finalmente archivada despu\u00e9s de que incluso los propios t\u00e9cnicos municipales confirmaran el agujero de seguridad en su web<\/strong> as\u00ed como que la asociaci\u00f3n no afect\u00f3 dato personal alguno al hacer p\u00fablico el fallo.<\/p>\n\n\n\n<div class=\"wp-block-image\"><figure class=\"aligncenter\"><img decoding=\"async\" src=\"http:\/\/www.sanroque.es\/sites\/default\/files\/\/imag_noticia\/2013\/11\/22\/miayunt.jpg\" alt=\"\"\/><\/figure><\/div>\n\n\n\n<p>El auto de archivo<strong>  resalta c\u00f3mo a trav\u00e9s de las pruebas practicadas \u00abha quedado patente que la seguridad de la p\u00e1gina web no era fiable\u00bb, por lo que confirma la falsedad de las acusaciones de Ruiz Boix <\/strong>sobre una supuesta intromisi\u00f3n en la web municipal del colectivo que avis\u00f3 de estos problemas.<\/p>\n\n\n\n<p>\u00abUna vez m\u00e1s Ruiz Boix carga contra los colectivos que no controla, <a href=\"https:\/\/democraciaactiva.eu\/?p=361\">tras fracasar en su intento de convencer a los dem\u00e1s partidos pol\u00edticos en Junta de Portavoces<\/a>, o abusar del silencio administrativo para callar sus quejas. En esta ocasi\u00f3n fue m\u00e1s all\u00e1 y utiliz\u00f3 los medios municipales para denunciar unos delitos que nunca existieron\u00bb, criticaron desde DCA.<\/p>\n\n\n\n<p>La web municipal, \u00abten\u00eda u<strong>n agujero de proporciones b\u00edblicas en lo referente al tratamiento de los certificados digitales<\/strong>, que es lo que advertimos, pero <strong>probablemente siga teni\u00e9ndolo por la falta de datos seguros de autenticaci\u00f3n<\/strong> (el Consistorio asigna usuarios y contrase\u00f1as al parecer usando iniciales del titular), <strong>sin contar con la ilegalidad de guardar ah\u00ed los datos de empleados incluso 3 \u00f3 4 a\u00f1os despu\u00e9s de jubilarse<\/strong>. Es una pena que Boix no mire por el bien p\u00fablico y utilice los medios municipales para matar al mensajero tratando de tapar las chapuzas de su administraci\u00f3n\u00bb, denunciaron.<\/p>\n\n\n\n<p>La Jueza resalta en su auto contra la denuncia por publicaci\u00f3n de supuestos datos personales de empleados que \u00ab<strong>no consta en la n\u00f3mina publicada los datos personales del empleado p\u00fablico, ni el perjudicado ha visto sus derechos vulnerados ni desea reclamar por los hechos acaecidos<\/strong>\u00ab, demostrando una vez m\u00e1s que se trataba de una persecuci\u00f3n de Ruiz Boix que <strong>a falta de perjudicados se los tuvo que inventar<\/strong>.<\/p>\n\n\n\n<figure class=\"wp-block-image\"><a href=\"https:\/\/democraciaactiva.eu\/wp-content\/uploads\/2020\/07\/AutoArchivo.jpg\"><img decoding=\"async\" loading=\"lazy\" width=\"1024\" height=\"964\" src=\"https:\/\/democraciaactiva.eu\/wp-content\/uploads\/2020\/07\/AutoArchivo-1024x964.jpg\" alt=\"\" class=\"wp-image-1916\" srcset=\"https:\/\/democraciaactiva.eu\/wp-content\/uploads\/2020\/07\/AutoArchivo-1024x964.jpg 1024w, https:\/\/democraciaactiva.eu\/wp-content\/uploads\/2020\/07\/AutoArchivo-300x282.jpg 300w, https:\/\/democraciaactiva.eu\/wp-content\/uploads\/2020\/07\/AutoArchivo-768x723.jpg 768w, https:\/\/democraciaactiva.eu\/wp-content\/uploads\/2020\/07\/AutoArchivo.jpg 1074w\" sizes=\"(max-width: 1024px) 100vw, 1024px\" \/><\/a><\/figure>\n\n\n\n<p>Adem\u00e1s sobre el testigo de la administraci\u00f3n, responsable de la custodia de los archivos y la gesti\u00f3n de las contrase\u00f1as, indica que \u00ab<strong>asegur\u00f3 en su declaraci\u00f3n que el certificado digital condujo a un error en la certificaci\u00f3n de la p\u00e1gina de la plataforma que asoci\u00f3 ese certificado al supuesto perjudicado, y que ello se debi\u00f3 a un error del sistema<\/strong>\u00ab.<\/p>\n\n\n\n<p>Desde DCA recordaron que <a href=\"https:\/\/democraciaactiva.eu\/?p=1307\">Boix tambi\u00e9n perdi\u00f3 su recurso al Tribunal Supremo con el que trataba de impedir tener que rectificar la informaci\u00f3n falsa<\/a> que public\u00f3, obligando adem\u00e1s a que tuvieran que solicitar la ejecuci\u00f3n de Sentencia. \u00ab<strong>Gastar m\u00e1s de un mill\u00f3n de euros anuales en un medio supuestamente p\u00fablico al que luego hay que obligar a rectificar llegando hasta el Tribunal Supremo es un saqueo en toda regla<\/strong>\u00ab, finalizaron.<\/p>\n","protected":false},"excerpt":{"rendered":"<div class=\"mh-excerpt\"><p>El Juzgado Mixto n\u00ba 1 de San Roque ha archivado definitivamente la denuncia que el Alcalde de San Roque, Juan Carlos Ruiz Boix , orden\u00f3 <a class=\"mh-excerpt-more\" href=\"https:\/\/democraciaactiva.eu\/?p=1915\" title=\"El Juzgado archiva la denuncia de Ruiz Boix contra DCA\">[&#8230;]<\/a><\/p>\n<\/div>","protected":false},"author":1,"featured_media":1916,"comment_status":"open","ping_status":"open","sticky":false,"template":"","format":"standard","meta":[],"categories":[5,6],"tags":[],"_links":{"self":[{"href":"https:\/\/democraciaactiva.eu\/index.php?rest_route=\/wp\/v2\/posts\/1915"}],"collection":[{"href":"https:\/\/democraciaactiva.eu\/index.php?rest_route=\/wp\/v2\/posts"}],"about":[{"href":"https:\/\/democraciaactiva.eu\/index.php?rest_route=\/wp\/v2\/types\/post"}],"author":[{"embeddable":true,"href":"https:\/\/democraciaactiva.eu\/index.php?rest_route=\/wp\/v2\/users\/1"}],"replies":[{"embeddable":true,"href":"https:\/\/democraciaactiva.eu\/index.php?rest_route=%2Fwp%2Fv2%2Fcomments&post=1915"}],"version-history":[{"count":3,"href":"https:\/\/democraciaactiva.eu\/index.php?rest_route=\/wp\/v2\/posts\/1915\/revisions"}],"predecessor-version":[{"id":1921,"href":"https:\/\/democraciaactiva.eu\/index.php?rest_route=\/wp\/v2\/posts\/1915\/revisions\/1921"}],"wp:featuredmedia":[{"embeddable":true,"href":"https:\/\/democraciaactiva.eu\/index.php?rest_route=\/wp\/v2\/media\/1916"}],"wp:attachment":[{"href":"https:\/\/democraciaactiva.eu\/index.php?rest_route=%2Fwp%2Fv2%2Fmedia&parent=1915"}],"wp:term":[{"taxonomy":"category","embeddable":true,"href":"https:\/\/democraciaactiva.eu\/index.php?rest_route=%2Fwp%2Fv2%2Fcategories&post=1915"},{"taxonomy":"post_tag","embeddable":true,"href":"https:\/\/democraciaactiva.eu\/index.php?rest_route=%2Fwp%2Fv2%2Ftags&post=1915"}],"curies":[{"name":"wp","href":"https:\/\/api.w.org\/{rel}","templated":true}]}}