{"id":1910,"date":"2020-05-26T14:54:29","date_gmt":"2020-05-26T14:54:29","guid":{"rendered":"http:\/\/democraciaactiva.eu\/?p=1910"},"modified":"2020-05-26T14:54:29","modified_gmt":"2020-05-26T14:54:29","slug":"algesa-todo-un-ejemplo-de-opacidad","status":"publish","type":"post","link":"https:\/\/democraciaactiva.eu\/?p=1910","title":{"rendered":"ALGESA, todo un ejemplo de opacidad"},"content":{"rendered":"\n<p>El pasado 6 de marzo el Defensor del Pueblo Andaluz, tras varios a\u00f1os intentando conseguir que contestara a los ciudadanos que reclamaban informaci\u00f3n de esta empresa perteneciente al Ayuntamiento de Algeciras, declar\u00f3 p\u00fablicamente la actitud entorpecedora del director gerente de la misma.<\/p>\n\n\n\n<figure class=\"wp-block-image\"><a href=\"https:\/\/democraciaactiva.eu\/wp-content\/uploads\/2020\/05\/image.png\"><img decoding=\"async\" loading=\"lazy\" width=\"762\" height=\"1024\" src=\"https:\/\/democraciaactiva.eu\/wp-content\/uploads\/2020\/05\/image-762x1024.png\" alt=\"\" class=\"wp-image-1911\" srcset=\"https:\/\/democraciaactiva.eu\/wp-content\/uploads\/2020\/05\/image-762x1024.png 762w, https:\/\/democraciaactiva.eu\/wp-content\/uploads\/2020\/05\/image-223x300.png 223w, https:\/\/democraciaactiva.eu\/wp-content\/uploads\/2020\/05\/image-768x1032.png 768w, https:\/\/democraciaactiva.eu\/wp-content\/uploads\/2020\/05\/image.png 817w\" sizes=\"(max-width: 762px) 100vw, 762px\" \/><\/a><\/figure>\n\n\n\n<p><\/p>\n\n\n\n<p>En principio suponemos que por su responsabilidad en la empresa, pero l\u00f3gicamente todos sabemos que la tramitaci\u00f3n de las solicitudes de informaci\u00f3n tienen muchos pasos, y en ALGESA parece que fallan todos.<\/p>\n\n\n\n<p>Por si fuera poco, y para demostrar a\u00fan m\u00e1s cu\u00e1n poco puede importar a las llamadas \u00abempresas p\u00fablicas\u00bb los derechos ciudadanos y la transparencia, se ha eliminado el contenido de la web donde se pod\u00edan consultar las actas y cierta documentaci\u00f3n p\u00fablica de inter\u00e9s. Una vez m\u00e1s se confunde propaganda con transparencia.<\/p>\n\n\n\n<figure class=\"wp-block-image\"><a href=\"https:\/\/democraciaactiva.eu\/wp-content\/uploads\/2020\/05\/image-1.png\"><img decoding=\"async\" loading=\"lazy\" width=\"1024\" height=\"767\" src=\"https:\/\/democraciaactiva.eu\/wp-content\/uploads\/2020\/05\/image-1-1024x767.png\" alt=\"\" class=\"wp-image-1912\" srcset=\"https:\/\/democraciaactiva.eu\/wp-content\/uploads\/2020\/05\/image-1-1024x767.png 1024w, https:\/\/democraciaactiva.eu\/wp-content\/uploads\/2020\/05\/image-1-300x225.png 300w, https:\/\/democraciaactiva.eu\/wp-content\/uploads\/2020\/05\/image-1-768x576.png 768w, https:\/\/democraciaactiva.eu\/wp-content\/uploads\/2020\/05\/image-1-678x509.png 678w, https:\/\/democraciaactiva.eu\/wp-content\/uploads\/2020\/05\/image-1-326x245.png 326w, https:\/\/democraciaactiva.eu\/wp-content\/uploads\/2020\/05\/image-1-80x60.png 80w, https:\/\/democraciaactiva.eu\/wp-content\/uploads\/2020\/05\/image-1.png 1253w\" sizes=\"(max-width: 1024px) 100vw, 1024px\" \/><\/a><\/figure>\n\n\n\n<p><\/p>\n\n\n\n<p>No existe, por tanto, derecho a la informaci\u00f3n recogida como publicidad activa para los ciudadanos respecto a esta empresa algecire\u00f1a, por lo que deberemos reclamarla ante la pasividad de sus funcionarios.<\/p>\n","protected":false},"excerpt":{"rendered":"<div class=\"mh-excerpt\"><p>El pasado 6 de marzo el Defensor del Pueblo Andaluz, tras varios a\u00f1os intentando conseguir que contestara a los ciudadanos que reclamaban informaci\u00f3n de esta <a class=\"mh-excerpt-more\" href=\"https:\/\/democraciaactiva.eu\/?p=1910\" title=\"ALGESA, todo un ejemplo de opacidad\">[&#8230;]<\/a><\/p>\n<\/div>","protected":false},"author":1,"featured_media":1911,"comment_status":"open","ping_status":"open","sticky":false,"template":"","format":"standard","meta":[],"categories":[5],"tags":[],"_links":{"self":[{"href":"https:\/\/democraciaactiva.eu\/index.php?rest_route=\/wp\/v2\/posts\/1910"}],"collection":[{"href":"https:\/\/democraciaactiva.eu\/index.php?rest_route=\/wp\/v2\/posts"}],"about":[{"href":"https:\/\/democraciaactiva.eu\/index.php?rest_route=\/wp\/v2\/types\/post"}],"author":[{"embeddable":true,"href":"https:\/\/democraciaactiva.eu\/index.php?rest_route=\/wp\/v2\/users\/1"}],"replies":[{"embeddable":true,"href":"https:\/\/democraciaactiva.eu\/index.php?rest_route=%2Fwp%2Fv2%2Fcomments&post=1910"}],"version-history":[{"count":1,"href":"https:\/\/democraciaactiva.eu\/index.php?rest_route=\/wp\/v2\/posts\/1910\/revisions"}],"predecessor-version":[{"id":1913,"href":"https:\/\/democraciaactiva.eu\/index.php?rest_route=\/wp\/v2\/posts\/1910\/revisions\/1913"}],"wp:featuredmedia":[{"embeddable":true,"href":"https:\/\/democraciaactiva.eu\/index.php?rest_route=\/wp\/v2\/media\/1911"}],"wp:attachment":[{"href":"https:\/\/democraciaactiva.eu\/index.php?rest_route=%2Fwp%2Fv2%2Fmedia&parent=1910"}],"wp:term":[{"taxonomy":"category","embeddable":true,"href":"https:\/\/democraciaactiva.eu\/index.php?rest_route=%2Fwp%2Fv2%2Fcategories&post=1910"},{"taxonomy":"post_tag","embeddable":true,"href":"https:\/\/democraciaactiva.eu\/index.php?rest_route=%2Fwp%2Fv2%2Ftags&post=1910"}],"curies":[{"name":"wp","href":"https:\/\/api.w.org\/{rel}","templated":true}]}}