{"id":1897,"date":"2020-03-08T16:50:47","date_gmt":"2020-03-08T16:50:47","guid":{"rendered":"http:\/\/democraciaactiva.eu\/?p=1897"},"modified":"2020-03-08T19:30:58","modified_gmt":"2020-03-08T19:30:58","slug":"piden-los-informes-de-seprona-sobre-galgos-abandonados","status":"publish","type":"post","link":"https:\/\/democraciaactiva.eu\/?p=1897","title":{"rendered":"Piden los informes de SEPRONA sobre galgos abandonados"},"content":{"rendered":"\n<p>Tras publicar el <a href=\"https:\/\/www.abc.es\/deportes\/caza\/abci-seprona-desmonta-mentira-animalista-sobre-galgos-abandonados-cazadores-202003051406_noticia.html?fbclid=IwAR2BEXcwWDgIE4f0T2e2Amu1bt-BWmGa4Vp5OXTSzYV_CB6SN0qasl_xo1Q\">diario ABC el pasado d\u00eda 5 de marzo<\/a> informaci\u00f3n<strong> sobre el abandono de galgos, cifrando el total de 2019 en s\u00f3lo 8<\/strong>, la sorpresa entre quienes conocen el sector ha sido may\u00fascula.<\/p>\n\n\n\n<p>No en vano diferentes medios de comunicaci\u00f3n, como radiaban Onda Cero, han intentado acceder a esta informaci\u00f3n sin \u00e9xito, por lo que hasta el momento s\u00f3lo el citado diario y, seg\u00fan la propia noticia, la Real Federaci\u00f3n Espa\u00f1ola de Caza, han podido verlo.<\/p>\n\n\n\n<figure class=\"wp-block-image\"><a href=\"https:\/\/democraciaactiva.eu\/wp-content\/uploads\/2020\/03\/SEPRONA-Info.jpg\"><img decoding=\"async\" loading=\"lazy\" width=\"725\" height=\"1024\" src=\"https:\/\/democraciaactiva.eu\/wp-content\/uploads\/2020\/03\/Peticion-SEPRONA-725x1024.jpg\" alt=\"\" class=\"wp-image-1903\" srcset=\"https:\/\/democraciaactiva.eu\/wp-content\/uploads\/2020\/03\/Peticion-SEPRONA-725x1024.jpg 725w, https:\/\/democraciaactiva.eu\/wp-content\/uploads\/2020\/03\/Peticion-SEPRONA-212x300.jpg 212w, https:\/\/democraciaactiva.eu\/wp-content\/uploads\/2020\/03\/Peticion-SEPRONA-768x1085.jpg 768w, https:\/\/democraciaactiva.eu\/wp-content\/uploads\/2020\/03\/Peticion-SEPRONA.jpg 791w\" sizes=\"(max-width: 725px) 100vw, 725px\" \/><\/a><\/figure>\n\n\n\n<p>Por ello desde DCA se ha abierto un expediente informativo s<strong>olicitando copia del citado informe, as\u00ed como de toda la documentaci\u00f3n estad\u00edstica en la que se base<\/strong>, dado que nos parece increible no ya que s\u00f3lo se abandonen 8 galgos en todo 2019, porque sabemos que no es cierto, si no que el Ministerio del Interior, a trav\u00e9s del SEPRONA, llegue a esa conclusi\u00f3n con un m\u00e9todo de trabajo medianamente serio.<\/p>\n\n\n\n<p>Por ello esperamos recibir la documentaci\u00f3n solicitada que, junto con la que se solicitar\u00e1 en su momento a diferentes administraciones y organizaciones, revele <strong>c\u00f3mo es posible que el Ministerio del Interior haya llegado a tal conclusi\u00f3n<\/strong>.<\/p>\n\n\n\n<p><\/p>\n","protected":false},"excerpt":{"rendered":"<div class=\"mh-excerpt\"><p>Tras publicar el diario ABC el pasado d\u00eda 5 de marzo informaci\u00f3n sobre el abandono de galgos, cifrando el total de 2019 en s\u00f3lo 8, <a class=\"mh-excerpt-more\" href=\"https:\/\/democraciaactiva.eu\/?p=1897\" title=\"Piden los informes de SEPRONA sobre galgos abandonados\">[&#8230;]<\/a><\/p>\n<\/div>","protected":false},"author":1,"featured_media":1903,"comment_status":"open","ping_status":"open","sticky":false,"template":"","format":"standard","meta":[],"categories":[5],"tags":[],"_links":{"self":[{"href":"https:\/\/democraciaactiva.eu\/index.php?rest_route=\/wp\/v2\/posts\/1897"}],"collection":[{"href":"https:\/\/democraciaactiva.eu\/index.php?rest_route=\/wp\/v2\/posts"}],"about":[{"href":"https:\/\/democraciaactiva.eu\/index.php?rest_route=\/wp\/v2\/types\/post"}],"author":[{"embeddable":true,"href":"https:\/\/democraciaactiva.eu\/index.php?rest_route=\/wp\/v2\/users\/1"}],"replies":[{"embeddable":true,"href":"https:\/\/democraciaactiva.eu\/index.php?rest_route=%2Fwp%2Fv2%2Fcomments&post=1897"}],"version-history":[{"count":4,"href":"https:\/\/democraciaactiva.eu\/index.php?rest_route=\/wp\/v2\/posts\/1897\/revisions"}],"predecessor-version":[{"id":1904,"href":"https:\/\/democraciaactiva.eu\/index.php?rest_route=\/wp\/v2\/posts\/1897\/revisions\/1904"}],"wp:featuredmedia":[{"embeddable":true,"href":"https:\/\/democraciaactiva.eu\/index.php?rest_route=\/wp\/v2\/media\/1903"}],"wp:attachment":[{"href":"https:\/\/democraciaactiva.eu\/index.php?rest_route=%2Fwp%2Fv2%2Fmedia&parent=1897"}],"wp:term":[{"taxonomy":"category","embeddable":true,"href":"https:\/\/democraciaactiva.eu\/index.php?rest_route=%2Fwp%2Fv2%2Fcategories&post=1897"},{"taxonomy":"post_tag","embeddable":true,"href":"https:\/\/democraciaactiva.eu\/index.php?rest_route=%2Fwp%2Fv2%2Ftags&post=1897"}],"curies":[{"name":"wp","href":"https:\/\/api.w.org\/{rel}","templated":true}]}}