{"id":1893,"date":"2020-02-21T14:52:03","date_gmt":"2020-02-21T14:52:03","guid":{"rendered":"http:\/\/democraciaactiva.eu\/?p=1893"},"modified":"2020-02-21T14:52:03","modified_gmt":"2020-02-21T14:52:03","slug":"diputacion-de-cadiz-continua-su-revolucion-analogica","status":"publish","type":"post","link":"https:\/\/democraciaactiva.eu\/?p=1893","title":{"rendered":"Diputaci\u00f3n de C\u00e1diz contin\u00faa su revoluci\u00f3n anal\u00f3gica"},"content":{"rendered":"\n<p>Despu\u00e9s de los problemas ocasionados por la<a href=\"https:\/\/democraciaactiva.eu\/?p=1386\"> tramitaci\u00f3n \u00abanal\u00f3gica\u00bb<\/a> de las solicitudes telem\u00e1ticas en la Diputaci\u00f3n de C\u00e1diz, el organismo provincial <strong>ha dado un paso m\u00e1s demostrando que su autonom\u00eda es casi completa, que las normas estatales o auton\u00f3micas no tienen cabida en sus procedimientos<\/strong>.<\/p>\n\n\n\n<p>En este caso lo demostr\u00f3 respondiendo al <strong>sindicato CGT,<\/strong> que solicit\u00f3 determinada documentaci\u00f3n con la finalidad de fiscalizar la labor de la instituci\u00f3n provincial.<\/p>\n\n\n\n<p>La respuesta, emitida por el Director de \u00c1rea de Funci\u00f3n P\u00fablica, no pudo ser m\u00e1s sorprendente, sobre todo viniendo de quien <strong>se supone conoce y aplica la normativa vigente <\/strong>sobre procedimiento administrativo.<\/p>\n\n\n\n<p>En primer lugar sorprende que <strong>ni siquiera se han molestado en dar registro de salida<\/strong>. Para qu\u00e9 habr\u00e1n pensado, si esto es una charla entre amigos, \u00bfno?<\/p>\n\n\n\n<p>Ni registro de salida, <strong>ni posibilidad de recurso alguno<\/strong>, ya que se omite totalmente el pie obligatorio indicando si el acto es firme o cabe recurso, porque, total, \u00bf<strong>para qu\u00e9 si estamos entre colegas, no<\/strong>?<\/p>\n\n\n\n<div class=\"wp-block-image\"><figure class=\"aligncenter\"><a href=\"https:\/\/democraciaactiva.eu\/wp-content\/uploads\/2020\/02\/Contestacion-CGT-consolidacion.pdf.jpg\"><img decoding=\"async\" loading=\"lazy\" width=\"723\" height=\"1024\" src=\"https:\/\/democraciaactiva.eu\/wp-content\/uploads\/2020\/02\/Contestacion-CGT-consolidacion.pdf-723x1024.jpg\" alt=\"\" class=\"wp-image-1894\" srcset=\"https:\/\/democraciaactiva.eu\/wp-content\/uploads\/2020\/02\/Contestacion-CGT-consolidacion.pdf-723x1024.jpg 723w, https:\/\/democraciaactiva.eu\/wp-content\/uploads\/2020\/02\/Contestacion-CGT-consolidacion.pdf-212x300.jpg 212w, https:\/\/democraciaactiva.eu\/wp-content\/uploads\/2020\/02\/Contestacion-CGT-consolidacion.pdf-768x1087.jpg 768w, https:\/\/democraciaactiva.eu\/wp-content\/uploads\/2020\/02\/Contestacion-CGT-consolidacion.pdf.jpg 1405w\" sizes=\"(max-width: 723px) 100vw, 723px\" \/><\/a><\/figure><\/div>\n\n\n\n<p>Para rematar, adem\u00e1s de las formas o mejor dicho la falta de ellas, sorprende el fondo de la respuesta. En ella niega el env\u00edo de la documentaci\u00f3n solicitada como marca la Ley de Transparencia y <strong>remite a que \u00abpidan cita\u00bb para el acceso y consulta de la documentaci\u00f3n<\/strong>. \u00bfEste se\u00f1or sabe en qu\u00e9 siglo estamos?<\/p>\n\n\n\n<p>Seg\u00fan el protocolo establecido en su d\u00eda por DCA, si este colectivo tuviera una respuesta similar adem\u00e1s de <strong>iniciar inmediatamente la reclamaci\u00f3n al Consejo de Transparencia por vulneraci\u00f3n evidente de la Ley 19\/2013<\/strong>, solicitar\u00eda el <strong>inicio de expediente de responsabilidad patrimonial de las AAPP<\/strong> para que abonen el perjuicio causado a los ciudadanos a los que pretenden obligar a desplazarse y dedicar tiempo en horario laboral para \u00abconsultar\u00bb, porque luego seguro que niegan la copia, una cantidad importante de documentaci\u00f3n.<\/p>\n\n\n\n<p>Ello sin olvidar la <strong>responsabilidad penal en que pudieran haber incurrido tanto el responsable directo del expediente, del que se supone formaci\u00f3n y capacidad suficiente como para que sepa lo que est\u00e1 haciendo<\/strong>, as\u00ed como de quien ocupe la Secretar\u00eda General, con la <strong>competencia legal para coordinar los distintos servicios para el efectivo cumplimiento de la Ley de Transparencia<\/strong>.<\/p>\n","protected":false},"excerpt":{"rendered":"<div class=\"mh-excerpt\"><p>Despu\u00e9s de los problemas ocasionados por la tramitaci\u00f3n \u00abanal\u00f3gica\u00bb de las solicitudes telem\u00e1ticas en la Diputaci\u00f3n de C\u00e1diz, el organismo provincial ha dado un paso <a class=\"mh-excerpt-more\" href=\"https:\/\/democraciaactiva.eu\/?p=1893\" title=\"Diputaci\u00f3n de C\u00e1diz contin\u00faa su revoluci\u00f3n anal\u00f3gica\">[&#8230;]<\/a><\/p>\n<\/div>","protected":false},"author":1,"featured_media":1894,"comment_status":"open","ping_status":"open","sticky":false,"template":"","format":"standard","meta":[],"categories":[5,19],"tags":[],"_links":{"self":[{"href":"https:\/\/democraciaactiva.eu\/index.php?rest_route=\/wp\/v2\/posts\/1893"}],"collection":[{"href":"https:\/\/democraciaactiva.eu\/index.php?rest_route=\/wp\/v2\/posts"}],"about":[{"href":"https:\/\/democraciaactiva.eu\/index.php?rest_route=\/wp\/v2\/types\/post"}],"author":[{"embeddable":true,"href":"https:\/\/democraciaactiva.eu\/index.php?rest_route=\/wp\/v2\/users\/1"}],"replies":[{"embeddable":true,"href":"https:\/\/democraciaactiva.eu\/index.php?rest_route=%2Fwp%2Fv2%2Fcomments&post=1893"}],"version-history":[{"count":1,"href":"https:\/\/democraciaactiva.eu\/index.php?rest_route=\/wp\/v2\/posts\/1893\/revisions"}],"predecessor-version":[{"id":1895,"href":"https:\/\/democraciaactiva.eu\/index.php?rest_route=\/wp\/v2\/posts\/1893\/revisions\/1895"}],"wp:featuredmedia":[{"embeddable":true,"href":"https:\/\/democraciaactiva.eu\/index.php?rest_route=\/wp\/v2\/media\/1894"}],"wp:attachment":[{"href":"https:\/\/democraciaactiva.eu\/index.php?rest_route=%2Fwp%2Fv2%2Fmedia&parent=1893"}],"wp:term":[{"taxonomy":"category","embeddable":true,"href":"https:\/\/democraciaactiva.eu\/index.php?rest_route=%2Fwp%2Fv2%2Fcategories&post=1893"},{"taxonomy":"post_tag","embeddable":true,"href":"https:\/\/democraciaactiva.eu\/index.php?rest_route=%2Fwp%2Fv2%2Ftags&post=1893"}],"curies":[{"name":"wp","href":"https:\/\/api.w.org\/{rel}","templated":true}]}}